{"id":36678,"date":"2026-02-02T10:25:17","date_gmt":"2026-02-02T16:25:17","guid":{"rendered":"https:\/\/foro1025.mx\/?p=36678"},"modified":"2026-02-04T10:27:01","modified_gmt":"2026-02-04T16:27:01","slug":"tlalnepantla-fortalece-el-tejido-social-con-jornada-juntos-al-tequio","status":"publish","type":"post","link":"https:\/\/foro1025.mx\/?p=36678","title":{"rendered":"Tlalnepantla fortalece el tejido social con jornada \u00abJuntos al Tequio\u00bb"},"content":{"rendered":"<p class=\"p1\">Como parte de las estrategias prioritarias para la reconstrucci\u00f3n del tejido social y el combate directo a las causas de la violencia, el Gobierno de Tlalnepantla, encabezado por el Presidente Municipal Raciel P\u00e9rez Cruz, llev\u00f3 a cabo la Jornada por la Paz \u00abJuntos al Tequio\u00bb en la colonia Lomas Boulevares.<\/p>\n<p class=\"p1\">Bajo la visi\u00f3n de recuperar los espacios p\u00fablicos para transformarlos en entornos seguros para la convivencia familiar, el Alcalde ha instruido una coordinaci\u00f3n interinstitucional sin precedentes, donde la participaci\u00f3n de los gobiernos federal y municipal, la ciudadan\u00eda y el trabajo de campo son el eje central de la transformaci\u00f3n urbana.<\/p>\n<p class=\"p1\">La intervenci\u00f3n integral en el \u00e1rea de juegos infantiles permiti\u00f3 la rehabilitaci\u00f3n total del entorno mediante trabajos de poda y desmalezado de \u00e1reas verdes, pintura y rehabilitaci\u00f3n de mobiliario urbano y juegos, limpieza general y el mejoramiento del alumbrado p\u00fablico.<\/p>\n<p class=\"p1\">Para asegurar la efectividad de estos trabajos, se cont\u00f3 con el acompa\u00f1amiento estrat\u00e9gico de la SEDENA en labores de seguridad perimetral y labor social, se despleg\u00f3 un estado de fuerza especializado compuesto por elementos de la Comisar\u00eda General de Proximidad y Seguridad Ciudadana; as\u00ed como de la Subdirecci\u00f3n de Prevenci\u00f3n del Delito y Estrategias de Paz.<\/p>\n<p class=\"p1\">Asimismo, la suma de esfuerzos incluy\u00f3 la participaci\u00f3n de elementos de Obras P\u00fablicas, de Alumbrado P\u00fablico; y dos especialistas de Sustentabilidad Ambiental.<\/p>\n<p class=\"p1\">Con estas acciones, el gobierno que encabeza Raciel P\u00e9rez Cruz reafirma que la paz se construye con la rehabilitaci\u00f3n de calles, servicios p\u00fablicos dignos y espacios recreativos vivos para devolver la tranquilidad a todas las familias de Tlalnepantla.<\/p>\n","protected":false},"excerpt":{"rendered":"<div class=\"mh-excerpt\"><p>Como parte de las estrategias prioritarias para la reconstrucci\u00f3n del tejido social y el combate <a class=\"mh-excerpt-more\" href=\"https:\/\/foro1025.mx\/?p=36678\" title=\"Tlalnepantla fortalece el tejido social con jornada \u00abJuntos al Tequio\u00bb\">&#8230;<\/a><\/p>\n<\/div>","protected":false},"author":1,"featured_media":36679,"comment_status":"closed","ping_status":"closed","sticky":false,"template":"","format":"standard","meta":{"footnotes":""},"categories":[16],"tags":[],"class_list":{"0":"post-36678","1":"post","2":"type-post","3":"status-publish","4":"format-standard","5":"has-post-thumbnail","7":"category-tlalnepantla"},"_links":{"self":[{"href":"https:\/\/foro1025.mx\/index.php?rest_route=\/wp\/v2\/posts\/36678","targetHints":{"allow":["GET"]}}],"collection":[{"href":"https:\/\/foro1025.mx\/index.php?rest_route=\/wp\/v2\/posts"}],"about":[{"href":"https:\/\/foro1025.mx\/index.php?rest_route=\/wp\/v2\/types\/post"}],"author":[{"embeddable":true,"href":"https:\/\/foro1025.mx\/index.php?rest_route=\/wp\/v2\/users\/1"}],"replies":[{"embeddable":true,"href":"https:\/\/foro1025.mx\/index.php?rest_route=%2Fwp%2Fv2%2Fcomments&post=36678"}],"version-history":[{"count":1,"href":"https:\/\/foro1025.mx\/index.php?rest_route=\/wp\/v2\/posts\/36678\/revisions"}],"predecessor-version":[{"id":36680,"href":"https:\/\/foro1025.mx\/index.php?rest_route=\/wp\/v2\/posts\/36678\/revisions\/36680"}],"wp:featuredmedia":[{"embeddable":true,"href":"https:\/\/foro1025.mx\/index.php?rest_route=\/wp\/v2\/media\/36679"}],"wp:attachment":[{"href":"https:\/\/foro1025.mx\/index.php?rest_route=%2Fwp%2Fv2%2Fmedia&parent=36678"}],"wp:term":[{"taxonomy":"category","embeddable":true,"href":"https:\/\/foro1025.mx\/index.php?rest_route=%2Fwp%2Fv2%2Fcategories&post=36678"},{"taxonomy":"post_tag","embeddable":true,"href":"https:\/\/foro1025.mx\/index.php?rest_route=%2Fwp%2Fv2%2Ftags&post=36678"}],"curies":[{"name":"wp","href":"https:\/\/api.w.org\/{rel}","templated":true}]}}