{"id":3691,"date":"2018-08-10T13:28:25","date_gmt":"2018-08-10T18:28:25","guid":{"rendered":"https:\/\/foro1025.mx\/?p=3691"},"modified":"2018-08-10T13:28:25","modified_gmt":"2018-08-10T18:28:25","slug":"detenidos-3-presuntos-federales-en-coacalco-por-secuestro-y-robo","status":"publish","type":"post","link":"https:\/\/foro1025.mx\/?p=3691","title":{"rendered":"Detenidos 3 presuntos federales en Coacalco, por secuestro y robo"},"content":{"rendered":"<p class=\"p2\">La carrera delictiva de tres sujetos que se hac\u00edan pasar por elementos de la Polic\u00eda Federal fue terminada, luego de ser capturados en pleno intento de robar un comercio y por secuestrar a una persona.<\/p>\n<p class=\"p2\">Este jueves fueron aprehendidos mientras intentaban atracar un comercio ubicado en la Colonia H\u00e9roes, \u201cJos\u00e9\u00a0 D\u201d de 30 a\u00f1os, \u201cRicardo\u00a0 M\u201d de la misma edad y \u201cGabriel M\u201d de 24 a\u00f1os.<\/p>\n<p class=\"p2\">Pero en el momento de su detenci\u00f3n, una v\u00edctima los identific\u00f3 tambi\u00e9n, como los perpetradores del secuestro que sufri\u00f3 horas antes.<\/p>\n<p>&nbsp;<\/p>\n<p><img loading=\"lazy\" decoding=\"async\" class=\"aligncenter size-large wp-image-3692\" src=\"https:\/\/foro1025.mx\/wp-content\/uploads\/2018\/08\/WhatsApp-Image-2018-08-09-at-5.39.35-PM-1024x768.jpeg\" alt=\"\" width=\"1024\" height=\"768\" \/><\/p>\n<p class=\"p2\">\n<p class=\"p2\">\u201cRefiere que reconoce ampliamente y sin temor a equivocarse, a los tres sujetos antes mencionados como los mismos que lo manten\u00edan privado de su libertad y los cuales le hablaron a su familia para que entregaran dinero a cambio del mismo\u201d, relat\u00f3 el oficial a cargo de la detenci\u00f3n en una tarjeta informativa.<\/p>\n<p class=\"p2\">Los presuntos secuestradores portaban, chamarras e insignias de la Polic\u00eda Federal\u00a0 y dijeron pertenecer a dicha corporaci\u00f3n. Se les decomis\u00f3 autom\u00f3vil Jetta color gris plata con placas de circulaci\u00f3n MYF-9198 y un arma de fuego calibre 25 mm con un cargador y 6 cartuchos \u00fatiles.<\/p>\n<p class=\"p3\">Fueron asegurados y trasladados ante el Agente del Ministerio P\u00fablico para que sea quien determine su situaci\u00f3n jur\u00eddica, quedando con n\u00famero de Folio: 987453 y Referencia: MEX\/077644\/2018.<\/p>\n","protected":false},"excerpt":{"rendered":"<div class=\"mh-excerpt\"><p>La carrera delictiva de tres sujetos que se hac\u00edan pasar por elementos de la Polic\u00eda <a class=\"mh-excerpt-more\" href=\"https:\/\/foro1025.mx\/?p=3691\" title=\"Detenidos 3 presuntos federales en Coacalco, por secuestro y robo\">&#8230;<\/a><\/p>\n<\/div>","protected":false},"author":1,"featured_media":0,"comment_status":"open","ping_status":"open","sticky":false,"template":"","format":"standard","meta":{"footnotes":""},"categories":[7,9],"tags":[],"class_list":{"0":"post-3691","1":"post","2":"type-post","3":"status-publish","4":"format-standard","6":"category-coacalco","7":"category-seguridad"},"_links":{"self":[{"href":"https:\/\/foro1025.mx\/index.php?rest_route=\/wp\/v2\/posts\/3691","targetHints":{"allow":["GET"]}}],"collection":[{"href":"https:\/\/foro1025.mx\/index.php?rest_route=\/wp\/v2\/posts"}],"about":[{"href":"https:\/\/foro1025.mx\/index.php?rest_route=\/wp\/v2\/types\/post"}],"author":[{"embeddable":true,"href":"https:\/\/foro1025.mx\/index.php?rest_route=\/wp\/v2\/users\/1"}],"replies":[{"embeddable":true,"href":"https:\/\/foro1025.mx\/index.php?rest_route=%2Fwp%2Fv2%2Fcomments&post=3691"}],"version-history":[{"count":1,"href":"https:\/\/foro1025.mx\/index.php?rest_route=\/wp\/v2\/posts\/3691\/revisions"}],"predecessor-version":[{"id":3694,"href":"https:\/\/foro1025.mx\/index.php?rest_route=\/wp\/v2\/posts\/3691\/revisions\/3694"}],"wp:attachment":[{"href":"https:\/\/foro1025.mx\/index.php?rest_route=%2Fwp%2Fv2%2Fmedia&parent=3691"}],"wp:term":[{"taxonomy":"category","embeddable":true,"href":"https:\/\/foro1025.mx\/index.php?rest_route=%2Fwp%2Fv2%2Fcategories&post=3691"},{"taxonomy":"post_tag","embeddable":true,"href":"https:\/\/foro1025.mx\/index.php?rest_route=%2Fwp%2Fv2%2Ftags&post=3691"}],"curies":[{"name":"wp","href":"https:\/\/api.w.org\/{rel}","templated":true}]}}