{"id":36930,"date":"2026-03-02T01:24:45","date_gmt":"2026-03-02T07:24:45","guid":{"rendered":"https:\/\/foro1025.mx\/?p=36930"},"modified":"2026-03-05T01:26:52","modified_gmt":"2026-03-05T07:26:52","slug":"el-campeon-mundial-sub-17-chucho-ramiez-visito-tlalnepantla-impartio-la-conferencia-magistral-limites-y-desafios","status":"publish","type":"post","link":"https:\/\/foro1025.mx\/?p=36930","title":{"rendered":"El campe\u00f3n mundial SUB-17 \u00abChucho\u00bb Ram\u00edez visit\u00f3 Tlalnepantla, imparti\u00f3 la conferencia magistral \u00abL\u00edmites y Desaf\u00edos\u00bb"},"content":{"rendered":"<p class=\"p1\">El Campe\u00f3n Mundial Sub-17, Jes\u00fas \u201cChucho\u201d Ram\u00edrez, visit\u00f3 el municipio de Tlalnepantla, en el Teatro Centenario ofreci\u00f3 la conferencia \u201cL\u00edmites y desaf\u00edos\u201d, como parte de las acciones que el gobierno que encabeza Raciel P\u00e9rez Cruz emprende para acercar el deporte a las juventudes.<\/p>\n<p class=\"p1\">Este encuentro formativo, impulsado por el alcalde en el marco del pr\u00f3ximo Mundial 2026, tiene como objetivo fortalecer la mentalidad, el car\u00e1cter y la disciplina de nuestras infancias y juventudes mediante procesos estructurados y de largo plazo para alcanzar el \u00e9xito internacional.<\/p>\n<p class=\"p1\">Durante la ponencia, Chucho Ram\u00edrez comparti\u00f3 la metodolog\u00eda que llev\u00f3 a M\u00e9xico al campeonato mundial Sub-17, subray\u00f3 que el triunfo es resultado de la planeaci\u00f3n y no de la improvisaci\u00f3n.<\/p>\n<p class=\"p1\">Con esta iniciativa, el gobierno municipal que encabeza Raciel P\u00e9rez Cruz reafirma su compromiso de utilizar el deporte como una herramienta de transformaci\u00f3n social, para generar espacios de aprendizaje que inspiren a las nuevas generaciones.<\/p>\n<p class=\"p1\">Tlalnepantla se consolida como un referente en la formaci\u00f3n de futuros campeones, de cara al pr\u00f3ximo mundial.<\/p>\n","protected":false},"excerpt":{"rendered":"<div class=\"mh-excerpt\"><p>El Campe\u00f3n Mundial Sub-17, Jes\u00fas \u201cChucho\u201d Ram\u00edrez, visit\u00f3 el municipio de Tlalnepantla, en el Teatro <a class=\"mh-excerpt-more\" href=\"https:\/\/foro1025.mx\/?p=36930\" title=\"El campe\u00f3n mundial SUB-17 \u00abChucho\u00bb Ram\u00edez visit\u00f3 Tlalnepantla, imparti\u00f3 la conferencia magistral \u00abL\u00edmites y Desaf\u00edos\u00bb\">&#8230;<\/a><\/p>\n<\/div>","protected":false},"author":1,"featured_media":36931,"comment_status":"closed","ping_status":"closed","sticky":false,"template":"","format":"standard","meta":{"footnotes":""},"categories":[16],"tags":[],"class_list":{"0":"post-36930","1":"post","2":"type-post","3":"status-publish","4":"format-standard","5":"has-post-thumbnail","7":"category-tlalnepantla"},"_links":{"self":[{"href":"https:\/\/foro1025.mx\/index.php?rest_route=\/wp\/v2\/posts\/36930","targetHints":{"allow":["GET"]}}],"collection":[{"href":"https:\/\/foro1025.mx\/index.php?rest_route=\/wp\/v2\/posts"}],"about":[{"href":"https:\/\/foro1025.mx\/index.php?rest_route=\/wp\/v2\/types\/post"}],"author":[{"embeddable":true,"href":"https:\/\/foro1025.mx\/index.php?rest_route=\/wp\/v2\/users\/1"}],"replies":[{"embeddable":true,"href":"https:\/\/foro1025.mx\/index.php?rest_route=%2Fwp%2Fv2%2Fcomments&post=36930"}],"version-history":[{"count":1,"href":"https:\/\/foro1025.mx\/index.php?rest_route=\/wp\/v2\/posts\/36930\/revisions"}],"predecessor-version":[{"id":36932,"href":"https:\/\/foro1025.mx\/index.php?rest_route=\/wp\/v2\/posts\/36930\/revisions\/36932"}],"wp:featuredmedia":[{"embeddable":true,"href":"https:\/\/foro1025.mx\/index.php?rest_route=\/wp\/v2\/media\/36931"}],"wp:attachment":[{"href":"https:\/\/foro1025.mx\/index.php?rest_route=%2Fwp%2Fv2%2Fmedia&parent=36930"}],"wp:term":[{"taxonomy":"category","embeddable":true,"href":"https:\/\/foro1025.mx\/index.php?rest_route=%2Fwp%2Fv2%2Fcategories&post=36930"},{"taxonomy":"post_tag","embeddable":true,"href":"https:\/\/foro1025.mx\/index.php?rest_route=%2Fwp%2Fv2%2Ftags&post=36930"}],"curies":[{"name":"wp","href":"https:\/\/api.w.org\/{rel}","templated":true}]}}