{"id":37101,"date":"2026-03-11T18:00:32","date_gmt":"2026-03-12T00:00:32","guid":{"rendered":"https:\/\/foro1025.mx\/?p=37101"},"modified":"2026-03-11T18:04:18","modified_gmt":"2026-03-12T00:04:18","slug":"fortalce-tlalnepantla-la-identidad-historica-y-el-apoyo-social-en-sesion-de-cabildo","status":"publish","type":"post","link":"https:\/\/foro1025.mx\/?p=37101","title":{"rendered":"Fortalece Tlalnepantla la identidad hist\u00f3rica y el apoyo social en sesi\u00f3n de cabildo"},"content":{"rendered":"<p class=\"p2\">El gobierno de Tlalnepantla encabezado por el alcalde Raciel P\u00e9rez Cruz durante Sesi\u00f3n Ordinaria de Cabildo consolid\u00f3 acuerdos clave destinados a la preservaci\u00f3n de la memoria colectiva y el fortalecimiento del acceso a la justicia social para las y los habitantes del municipio.<\/p>\n<p class=\"p2\">Como parte de las acciones para salvaguardar el patrimonio hist\u00f3rico y cultural de la demarcaci\u00f3n, el Cuerpo Edilicio analiz\u00f3 y discuti\u00f3 la designaci\u00f3n de los ciudadanos que integrar\u00e1n el Consejo Municipal de la Cr\u00f3nica de Tlalnepantla.<\/p>\n<p class=\"p2\">Dicho \u00f3rgano ser\u00e1 fundamental para documentar el devenir de la comunidad y fortalecer el sentido de pertenencia en el municipio a trav\u00e9s del registro institucional de su evoluci\u00f3n social y pol\u00edtica.<\/p>\n<p class=\"p2\">En un esfuerzo coordinado por acercar los servicios gubernamentales a los sectores m\u00e1s vulnerables y apoyar la econom\u00eda familiar, los integrantes del Cabildo aprobaron la exenci\u00f3n del pago de derechos por actos del Registro Civil y la expedici\u00f3n de constancias de vecindad para los participantes del programa \u00abCaravanas Itinerantes por la Justicia Social\u00bb.<\/p>\n<p class=\"p2\">Esta medida busca eliminar barreras econ\u00f3micas para que la ciudadan\u00eda regularice su situaci\u00f3n jur\u00eddica y obtenga documentos de identidad esenciales de manera gratuita, reafirmando as\u00ed el compromiso del gobierno municipal al priorizar el bienestar social y la eficiencia administrativa.<\/p>\n","protected":false},"excerpt":{"rendered":"<div class=\"mh-excerpt\"><p>El gobierno de Tlalnepantla encabezado por el alcalde Raciel P\u00e9rez Cruz durante Sesi\u00f3n Ordinaria de <a class=\"mh-excerpt-more\" href=\"https:\/\/foro1025.mx\/?p=37101\" title=\"Fortalece Tlalnepantla la identidad hist\u00f3rica y el apoyo social en sesi\u00f3n de cabildo\">&#8230;<\/a><\/p>\n<\/div>","protected":false},"author":1,"featured_media":37102,"comment_status":"closed","ping_status":"closed","sticky":false,"template":"","format":"standard","meta":{"footnotes":""},"categories":[16],"tags":[],"class_list":{"0":"post-37101","1":"post","2":"type-post","3":"status-publish","4":"format-standard","5":"has-post-thumbnail","7":"category-tlalnepantla"},"_links":{"self":[{"href":"https:\/\/foro1025.mx\/index.php?rest_route=\/wp\/v2\/posts\/37101","targetHints":{"allow":["GET"]}}],"collection":[{"href":"https:\/\/foro1025.mx\/index.php?rest_route=\/wp\/v2\/posts"}],"about":[{"href":"https:\/\/foro1025.mx\/index.php?rest_route=\/wp\/v2\/types\/post"}],"author":[{"embeddable":true,"href":"https:\/\/foro1025.mx\/index.php?rest_route=\/wp\/v2\/users\/1"}],"replies":[{"embeddable":true,"href":"https:\/\/foro1025.mx\/index.php?rest_route=%2Fwp%2Fv2%2Fcomments&post=37101"}],"version-history":[{"count":2,"href":"https:\/\/foro1025.mx\/index.php?rest_route=\/wp\/v2\/posts\/37101\/revisions"}],"predecessor-version":[{"id":37104,"href":"https:\/\/foro1025.mx\/index.php?rest_route=\/wp\/v2\/posts\/37101\/revisions\/37104"}],"wp:featuredmedia":[{"embeddable":true,"href":"https:\/\/foro1025.mx\/index.php?rest_route=\/wp\/v2\/media\/37102"}],"wp:attachment":[{"href":"https:\/\/foro1025.mx\/index.php?rest_route=%2Fwp%2Fv2%2Fmedia&parent=37101"}],"wp:term":[{"taxonomy":"category","embeddable":true,"href":"https:\/\/foro1025.mx\/index.php?rest_route=%2Fwp%2Fv2%2Fcategories&post=37101"},{"taxonomy":"post_tag","embeddable":true,"href":"https:\/\/foro1025.mx\/index.php?rest_route=%2Fwp%2Fv2%2Ftags&post=37101"}],"curies":[{"name":"wp","href":"https:\/\/api.w.org\/{rel}","templated":true}]}}