{"id":37655,"date":"2026-04-29T01:33:52","date_gmt":"2026-04-29T07:33:52","guid":{"rendered":"https:\/\/foro1025.mx\/?p=37655"},"modified":"2026-05-01T01:34:37","modified_gmt":"2026-05-01T07:34:37","slug":"estadistica-oficial-nacional-indica-que-en-izcalli-marzo-fue-el-mes-menos-violento-en-once-anos","status":"publish","type":"post","link":"https:\/\/foro1025.mx\/?p=37655","title":{"rendered":"Estad\u00edstica oficial nacional: Indica que en Izcalli, Marzo fue el mes menos violento en once a\u00f1os"},"content":{"rendered":"<p class=\"p2\"><span class=\"s2\">En su conferencia de prensa \u201cEl Poder del Pueblo\u201d, el alcalde Daniel Serrano, dio cuenta de la reducci\u00f3n sostenida en la incidencia delictiva en el territorio municipal, lo cual convierte a marzo del 2026 en el mes menos violento en los \u00faltimos 11 a\u00f1os, de acuerdo a cifras oficiales del Secretariado Ejecutivo del Sistema Nacional de Seguridad P\u00fablica. <\/span><\/p>\n<p class=\"p2\"><span class=\"s2\">De acuerdo con la estad\u00edstica oficial nacional, Cuautitl\u00e1n Izcalli registr\u00f3 1,210 eventos delictivos generales durante marzo del 2026, frente al mismo mes del a\u00f1o inmediato anterior se tuvo una disminuci\u00f3n de 122 delitos. En el caso de delitos de alto impacto, se redujo de 670 incidentes a 517 en el tercer mes del presente a\u00f1o. <\/span><\/p>\n<p class=\"p2\"><span class=\"s2\">El presidente municipal detall\u00f3 el \u00edndice delictivo general a\u00f1o con a\u00f1o: \u201cEn 2023, marzo tuvo una incidencia de 1,439 delitos, 2024 con 1,365 y 2025 con 1,332, mientras que en marzo del 2026 redujimos en 16%, con 1,210 eventos, lo cual es una disminuci\u00f3n sostenida\u201d. <\/span><\/p>\n<p class=\"p2\"><span class=\"s2\">Cuautitl\u00e1n Izcalli tuvo, en suma, el mes menos violento de los \u00faltimos 11 a\u00f1os, cuando registr\u00f3 1,267 delitos en el a\u00f1o 2015 para luego incrementar la tendencia hacia el a\u00f1o 2016 y encontrar su pico en el a\u00f1o 2022, con 1,672 eventos en detrimento de la ciudadan\u00eda del municipio. <\/span><\/p>\n<p class=\"p2\"><span class=\"s1\">Algunos<\/span><span class=\"s2\"> de los delitos que han mostrado un comportamiento a la baja son las lesiones dolosas, de 167 a 120; el robo en transporte, de 116 a 97 incidentes; el robo a negocio, de 88 a 69 y el homicidio doloso de 11 a 3 lamentables agresiones. Estos indicadores se enmarcan en los delitos considerados de alto impacto, que mostraron una reducci\u00f3n del 23% en el periodo analizado. <\/span><\/p>\n<p class=\"p2\"><span class=\"s2\">La reducci\u00f3n del 9% en la incidencia delictiva general, entre marzo del 2026 y el mismo mes del 2025, demuestra la efectividad de las pol\u00edticas implementadas por el Gobierno Municipal de Cuautitl\u00e1n Izcalli, en estrecha colaboraci\u00f3n con el Gobierno del Estado de M\u00e9xico y la Federaci\u00f3n, as\u00ed como con la Fiscal\u00eda Estatal a trav\u00e9s de las Mesas de Paz. <\/span><\/p>\n","protected":false},"excerpt":{"rendered":"<div class=\"mh-excerpt\"><p>En su conferencia de prensa \u201cEl Poder del Pueblo\u201d, el alcalde Daniel Serrano, dio cuenta <a class=\"mh-excerpt-more\" href=\"https:\/\/foro1025.mx\/?p=37655\" title=\"Estad\u00edstica oficial nacional: Indica que en Izcalli, Marzo fue el mes menos violento en once a\u00f1os\">&#8230;<\/a><\/p>\n<\/div>","protected":false},"author":1,"featured_media":37653,"comment_status":"closed","ping_status":"closed","sticky":false,"template":"","format":"standard","meta":{"footnotes":""},"categories":[29,9],"tags":[],"class_list":{"0":"post-37655","1":"post","2":"type-post","3":"status-publish","4":"format-standard","5":"has-post-thumbnail","7":"category-cuautitlan-izcalli","8":"category-seguridad"},"_links":{"self":[{"href":"https:\/\/foro1025.mx\/index.php?rest_route=\/wp\/v2\/posts\/37655","targetHints":{"allow":["GET"]}}],"collection":[{"href":"https:\/\/foro1025.mx\/index.php?rest_route=\/wp\/v2\/posts"}],"about":[{"href":"https:\/\/foro1025.mx\/index.php?rest_route=\/wp\/v2\/types\/post"}],"author":[{"embeddable":true,"href":"https:\/\/foro1025.mx\/index.php?rest_route=\/wp\/v2\/users\/1"}],"replies":[{"embeddable":true,"href":"https:\/\/foro1025.mx\/index.php?rest_route=%2Fwp%2Fv2%2Fcomments&post=37655"}],"version-history":[{"count":1,"href":"https:\/\/foro1025.mx\/index.php?rest_route=\/wp\/v2\/posts\/37655\/revisions"}],"predecessor-version":[{"id":37656,"href":"https:\/\/foro1025.mx\/index.php?rest_route=\/wp\/v2\/posts\/37655\/revisions\/37656"}],"wp:featuredmedia":[{"embeddable":true,"href":"https:\/\/foro1025.mx\/index.php?rest_route=\/wp\/v2\/media\/37653"}],"wp:attachment":[{"href":"https:\/\/foro1025.mx\/index.php?rest_route=%2Fwp%2Fv2%2Fmedia&parent=37655"}],"wp:term":[{"taxonomy":"category","embeddable":true,"href":"https:\/\/foro1025.mx\/index.php?rest_route=%2Fwp%2Fv2%2Fcategories&post=37655"},{"taxonomy":"post_tag","embeddable":true,"href":"https:\/\/foro1025.mx\/index.php?rest_route=%2Fwp%2Fv2%2Ftags&post=37655"}],"curies":[{"name":"wp","href":"https:\/\/api.w.org\/{rel}","templated":true}]}}