{"id":37664,"date":"2026-04-30T01:40:03","date_gmt":"2026-04-30T07:40:03","guid":{"rendered":"https:\/\/foro1025.mx\/?p=37664"},"modified":"2026-05-01T01:41:14","modified_gmt":"2026-05-01T07:41:14","slug":"dif-coacalco-camina-firme-por-una-sociedad-mas-justa-y-empatica","status":"publish","type":"post","link":"https:\/\/foro1025.mx\/?p=37664","title":{"rendered":"DIF Coacalco camina firme por una sociedad m\u00e1s justa y emp\u00e1tica"},"content":{"rendered":"<p class=\"p1\">El Sistema Municipal DIF se sum\u00f3 a la segunda caminata por el autismo y la inclusi\u00f3n, un evento que reafirma el compromiso de la instituci\u00f3n con las familias y con la construcci\u00f3n de una sociedad m\u00e1s justa, emp\u00e1tica e incluyente.<\/p>\n<p class=\"p1\">La caminata comenz\u00f3 a la altura de los Salesianos y recorri\u00f3 toda la avenida 16 de Septiembre, en la Cabecera Municipal, hasta llegar al Auditorio \u201cClaudio Mu\u00f1oz Franco\u201d, donde se desarrollaron actividades art\u00edsticas y un bazar en el que participaron madres de familia y asociaciones.<\/p>\n<p class=\"p1\">En representaci\u00f3n de la presidenta del DIF, Mar\u00eda de Lourdes Gonz\u00e1lez Ocampo, el director Erubey Espinoza Castillo destac\u00f3 que esta caminata no solo representa un recorrido f\u00edsico, sino un paso firme hacia la inclusi\u00f3n. Asimismo, transmiti\u00f3 el saludo de la presidenta, quien subray\u00f3 que el compromiso del DIF ha sido fundamental para impulsar acciones en favor de quienes m\u00e1s lo necesitan.<\/p>\n<p class=\"p1\">Durante el evento, estuvieron presentes m\u00e1s de 13 asociaciones defensoras de los derechos de las personas con discapacidad, as\u00ed como el presidente de la Fundaci\u00f3n Yanko Dari\u00e9n, Yanko Dari\u00e9n, quien reconoci\u00f3 la labor del DIF municipal por visibilizar a las personas con discapacidad, especialmente a quienes viven con autismo.<\/p>\n<p class=\"p1\">En su mensaje, resalt\u00f3 el esfuerzo diario de madres y padres de familia que luchan por brindar cari\u00f1o y oportunidades de desarrollo a sus hijos.<\/p>\n<p class=\"p1\">Tras el acto protocolario, se realizaron actividades art\u00edsticas con motivo del D\u00eda del Ni\u00f1o y un bazar en el que se ofrecieron productos y servicios, complementando as\u00ed esta jornada de inclusi\u00f3n y convivencia.<\/p>\n","protected":false},"excerpt":{"rendered":"<div class=\"mh-excerpt\"><p>El Sistema Municipal DIF se sum\u00f3 a la segunda caminata por el autismo y la <a class=\"mh-excerpt-more\" href=\"https:\/\/foro1025.mx\/?p=37664\" title=\"DIF Coacalco camina firme por una sociedad m\u00e1s justa y emp\u00e1tica\">&#8230;<\/a><\/p>\n<\/div>","protected":false},"author":1,"featured_media":37665,"comment_status":"closed","ping_status":"closed","sticky":false,"template":"","format":"standard","meta":{"footnotes":""},"categories":[7],"tags":[],"class_list":{"0":"post-37664","1":"post","2":"type-post","3":"status-publish","4":"format-standard","5":"has-post-thumbnail","7":"category-coacalco"},"_links":{"self":[{"href":"https:\/\/foro1025.mx\/index.php?rest_route=\/wp\/v2\/posts\/37664","targetHints":{"allow":["GET"]}}],"collection":[{"href":"https:\/\/foro1025.mx\/index.php?rest_route=\/wp\/v2\/posts"}],"about":[{"href":"https:\/\/foro1025.mx\/index.php?rest_route=\/wp\/v2\/types\/post"}],"author":[{"embeddable":true,"href":"https:\/\/foro1025.mx\/index.php?rest_route=\/wp\/v2\/users\/1"}],"replies":[{"embeddable":true,"href":"https:\/\/foro1025.mx\/index.php?rest_route=%2Fwp%2Fv2%2Fcomments&post=37664"}],"version-history":[{"count":1,"href":"https:\/\/foro1025.mx\/index.php?rest_route=\/wp\/v2\/posts\/37664\/revisions"}],"predecessor-version":[{"id":37666,"href":"https:\/\/foro1025.mx\/index.php?rest_route=\/wp\/v2\/posts\/37664\/revisions\/37666"}],"wp:featuredmedia":[{"embeddable":true,"href":"https:\/\/foro1025.mx\/index.php?rest_route=\/wp\/v2\/media\/37665"}],"wp:attachment":[{"href":"https:\/\/foro1025.mx\/index.php?rest_route=%2Fwp%2Fv2%2Fmedia&parent=37664"}],"wp:term":[{"taxonomy":"category","embeddable":true,"href":"https:\/\/foro1025.mx\/index.php?rest_route=%2Fwp%2Fv2%2Fcategories&post=37664"},{"taxonomy":"post_tag","embeddable":true,"href":"https:\/\/foro1025.mx\/index.php?rest_route=%2Fwp%2Fv2%2Ftags&post=37664"}],"curies":[{"name":"wp","href":"https:\/\/api.w.org\/{rel}","templated":true}]}}