{"id":37668,"date":"2026-04-30T01:41:47","date_gmt":"2026-04-30T07:41:47","guid":{"rendered":"https:\/\/foro1025.mx\/?p=37668"},"modified":"2026-05-01T01:42:49","modified_gmt":"2026-05-01T07:42:49","slug":"reconoce-gobernadora-delfina-gomez-labor-de-mandos-militares-en-seguridad-en-el-edomex","status":"publish","type":"post","link":"https:\/\/foro1025.mx\/?p=37668","title":{"rendered":"Reconoce gobernadora Delfina G\u00f3mez labor de mandos militares en seguridad en el Edom\u00e9x"},"content":{"rendered":"<p class=\"p3\"><span class=\"s2\">Durante la Mesa de Paz, la Gobernadora Delfina G\u00f3mez \u00c1lvarez entreg\u00f3 un reconocimiento al General de Brigada EM, Lucio Vergara G\u00f3mez, Comandante de la 37\/a Zona Militar y al General de Ala Piloto Aviador EM, Jos\u00e9 Antonio Sierra Amador, Comandante de la 1\/a. Zona A\u00e9rea Militar por su destacada labor en favor de la tranquilidad de las y los mexiquenses, misma que fortalece la percepci\u00f3n de seguridad en el Estado de M\u00e9xico.<\/span><\/p>\n<p class=\"p3\"><span class=\"s2\">\u00a0\u201cLa coordinaci\u00f3n con las Fuerzas Armadas es esencial para consolidar un #EdoMex seguro. Les agradecemos su servicio y su labor por la seguridad y paz para los mexiquenses y les deseamos \u00e9xito ante sus nuevas encomiendas\u201d, dijo la Gobernadora Delfina G\u00f3mez \u00c1lvarez en sus redes sociales.<\/span><\/p>\n<p class=\"p4\"><span class=\"s1\">En la Mesa de Paz n\u00famero 79, participaron Horacio Duarte Olivares, Secretario General de Gobierno; Crist\u00f3bal Casta\u00f1eda Camarillo, Secretario de Seguridad; Jos\u00e9 Luis Cervantes Mart\u00ednez, Fiscal General de Justicia del Estado de M\u00e9xico; Maricela L\u00f3pez Urbina, Secretaria T\u00e9cnica; as\u00ed como representantes de la Defensa, Marina, Guardia Nacional y el Centro Nacional de Inteligencia.\u00a0<\/span><\/p>\n","protected":false},"excerpt":{"rendered":"<div class=\"mh-excerpt\"><p>Durante la Mesa de Paz, la Gobernadora Delfina G\u00f3mez \u00c1lvarez entreg\u00f3 un reconocimiento al General <a class=\"mh-excerpt-more\" href=\"https:\/\/foro1025.mx\/?p=37668\" title=\"Reconoce gobernadora Delfina G\u00f3mez labor de mandos militares en seguridad en el Edom\u00e9x\">&#8230;<\/a><\/p>\n<\/div>","protected":false},"author":1,"featured_media":37669,"comment_status":"closed","ping_status":"closed","sticky":false,"template":"","format":"standard","meta":{"footnotes":""},"categories":[13],"tags":[],"class_list":{"0":"post-37668","1":"post","2":"type-post","3":"status-publish","4":"format-standard","5":"has-post-thumbnail","7":"category-estado-de-mexico"},"_links":{"self":[{"href":"https:\/\/foro1025.mx\/index.php?rest_route=\/wp\/v2\/posts\/37668","targetHints":{"allow":["GET"]}}],"collection":[{"href":"https:\/\/foro1025.mx\/index.php?rest_route=\/wp\/v2\/posts"}],"about":[{"href":"https:\/\/foro1025.mx\/index.php?rest_route=\/wp\/v2\/types\/post"}],"author":[{"embeddable":true,"href":"https:\/\/foro1025.mx\/index.php?rest_route=\/wp\/v2\/users\/1"}],"replies":[{"embeddable":true,"href":"https:\/\/foro1025.mx\/index.php?rest_route=%2Fwp%2Fv2%2Fcomments&post=37668"}],"version-history":[{"count":1,"href":"https:\/\/foro1025.mx\/index.php?rest_route=\/wp\/v2\/posts\/37668\/revisions"}],"predecessor-version":[{"id":37670,"href":"https:\/\/foro1025.mx\/index.php?rest_route=\/wp\/v2\/posts\/37668\/revisions\/37670"}],"wp:featuredmedia":[{"embeddable":true,"href":"https:\/\/foro1025.mx\/index.php?rest_route=\/wp\/v2\/media\/37669"}],"wp:attachment":[{"href":"https:\/\/foro1025.mx\/index.php?rest_route=%2Fwp%2Fv2%2Fmedia&parent=37668"}],"wp:term":[{"taxonomy":"category","embeddable":true,"href":"https:\/\/foro1025.mx\/index.php?rest_route=%2Fwp%2Fv2%2Fcategories&post=37668"},{"taxonomy":"post_tag","embeddable":true,"href":"https:\/\/foro1025.mx\/index.php?rest_route=%2Fwp%2Fv2%2Ftags&post=37668"}],"curies":[{"name":"wp","href":"https:\/\/api.w.org\/{rel}","templated":true}]}}