{"id":4040,"date":"2018-09-06T11:17:15","date_gmt":"2018-09-06T16:17:15","guid":{"rendered":"https:\/\/foro1025.mx\/?p=4040"},"modified":"2018-09-06T11:17:15","modified_gmt":"2018-09-06T16:17:15","slug":"convoca-huixquilucan-a-segundo-festival-multicultural","status":"publish","type":"post","link":"https:\/\/foro1025.mx\/?p=4040","title":{"rendered":"Convoca Huixquilucan a Segundo Festival Multicultural"},"content":{"rendered":"<p class=\"yiv6437357991MsoNormal\"><em>\u00b7\u00a0\u00a0\u00a0\u00a0\u00a0\u00a0\u00a0\u00a0<b>Durante el pr\u00f3ximo fin de semana se presentar\u00e1n 28 bandas musicales en la Explanada Municipal.<\/b><\/em><\/p>\n<p class=\"yiv6437357991gmail-MsoListParagraphCxSpLast\"><em>\u00b7\u00a0\u00a0\u00a0\u00a0\u00a0\u00a0\u00a0\u00a0<b>Ser\u00e1 un evento familiar en donde tambi\u00e9n habr\u00e1 concurso de baile y grafiti.<\/b><\/em><\/p>\n<p class=\"yiv6437357991MsoNormal\">El Gobierno de Huixquilucan, a trav\u00e9s de la Direcci\u00f3n de Desarrollo Social, realizar\u00e1 el Segundo Festival Multicultural, conmemorando el D\u00eda de la Juventud; en d\u00f3nde participar\u00e1n 28 bandas musicales de distintos g\u00e9neros.<\/p>\n<p class=\"yiv6437357991MsoNormal\">Maskatesta, Rudeboys y Melodycans, ser\u00e1n algunos de grupos que tocar\u00e1n en la Explanada Municipal para que las familias disfruten este fin de semana, donde los protagonistas ser\u00e1n los j\u00f3venes.<\/p>\n<p class=\"yiv6437357991MsoNormal\">Para esta gran celebraci\u00f3n, la dependencia municipal abri\u00f3 la convocatoria para los concursos de Baile y Grafiti.<\/p>\n<p class=\"yiv6437357991MsoNormal\">El titular de Desarrollo Social, Eduardo G\u00f3mez Galicia, detall\u00f3 que \u00e9sta es una acci\u00f3n m\u00e1s del gobierno municipal encabezado por Enrique Vargas del Villar, a favor de la juventud, a lo que se suman las becas y programas alimentarios, entre otros.<\/p>\n<p class=\"yiv6437357991MsoNormal\">Record\u00f3 que la presente administraci\u00f3n cierra con un programa muy amplio en este Segundo Festival Multicultural, ya que adem\u00e1s de concurso de grafiti se realizar\u00e1 uno de exposici\u00f3n, y estar\u00e1n alternado 28 bandas musicales.<\/p>\n<p class=\"yiv6437357991MsoNormal\">Detall\u00f3 que Jamaica Sonora, Adherido al Norte, HBA, Dupla del Barrio, Tintaneska, Los Genios de la Cumbia, Jhon &amp; Jhon, Los Sin Nombre, Amitiel, Los de la Reja, Green Family Collective, son solo algunas bandas que estar\u00e1n los d\u00edas 8 y 9 de septiembre, en la Explanada Municipal.<\/p>\n","protected":false},"excerpt":{"rendered":"<div class=\"mh-excerpt\"><p>\u00b7\u00a0\u00a0\u00a0\u00a0\u00a0\u00a0\u00a0\u00a0Durante el pr\u00f3ximo fin de semana se presentar\u00e1n 28 bandas musicales en la Explanada Municipal. <a class=\"mh-excerpt-more\" href=\"https:\/\/foro1025.mx\/?p=4040\" title=\"Convoca Huixquilucan a Segundo Festival Multicultural\">&#8230;<\/a><\/p>\n<\/div>","protected":false},"author":1,"featured_media":0,"comment_status":"open","ping_status":"open","sticky":false,"template":"","format":"standard","meta":{"footnotes":""},"categories":[17],"tags":[],"class_list":{"0":"post-4040","1":"post","2":"type-post","3":"status-publish","4":"format-standard","6":"category-huixquilucan"},"_links":{"self":[{"href":"https:\/\/foro1025.mx\/index.php?rest_route=\/wp\/v2\/posts\/4040","targetHints":{"allow":["GET"]}}],"collection":[{"href":"https:\/\/foro1025.mx\/index.php?rest_route=\/wp\/v2\/posts"}],"about":[{"href":"https:\/\/foro1025.mx\/index.php?rest_route=\/wp\/v2\/types\/post"}],"author":[{"embeddable":true,"href":"https:\/\/foro1025.mx\/index.php?rest_route=\/wp\/v2\/users\/1"}],"replies":[{"embeddable":true,"href":"https:\/\/foro1025.mx\/index.php?rest_route=%2Fwp%2Fv2%2Fcomments&post=4040"}],"version-history":[{"count":1,"href":"https:\/\/foro1025.mx\/index.php?rest_route=\/wp\/v2\/posts\/4040\/revisions"}],"predecessor-version":[{"id":4044,"href":"https:\/\/foro1025.mx\/index.php?rest_route=\/wp\/v2\/posts\/4040\/revisions\/4044"}],"wp:attachment":[{"href":"https:\/\/foro1025.mx\/index.php?rest_route=%2Fwp%2Fv2%2Fmedia&parent=4040"}],"wp:term":[{"taxonomy":"category","embeddable":true,"href":"https:\/\/foro1025.mx\/index.php?rest_route=%2Fwp%2Fv2%2Fcategories&post=4040"},{"taxonomy":"post_tag","embeddable":true,"href":"https:\/\/foro1025.mx\/index.php?rest_route=%2Fwp%2Fv2%2Ftags&post=4040"}],"curies":[{"name":"wp","href":"https:\/\/api.w.org\/{rel}","templated":true}]}}