{"id":421,"date":"2016-04-12T14:53:53","date_gmt":"2016-04-12T19:53:53","guid":{"rendered":"https:\/\/foro1025.mx\/?p=421"},"modified":"2016-04-12T14:53:53","modified_gmt":"2016-04-12T19:53:53","slug":"ninas-y-ninos-toluquenos-son-reconocidos-como-defensores-de-derechos-humanos","status":"publish","type":"post","link":"https:\/\/foro1025.mx\/?p=421","title":{"rendered":"Ni\u00f1as y Ni\u00f1os toluque\u00f1os son reconocidos como Defensores de Derechos Humanos."},"content":{"rendered":"<ul>\n<li id=\"yui_3_16_0_ym19_1_1460476468601_21560\" class=\"yiv7788241827gmail_quote\">\n<h5><i id=\"yui_3_16_0_ym19_1_1460476468601_21564\"><span id=\"yui_3_16_0_ym19_1_1460476468601_21563\">Estudiantes\u00a0 de la escuela primaria \u00abAlfonso G\u00f3mez de Orozco\u00bb recibieron con orgullo la distinci\u00f3n.<span class=\"yiv7788241827\">\u00a0<\/span><\/span><\/i><\/h5>\n<p id=\"yui_3_16_0_ym19_1_1460476468601_21568\" class=\"yiv7788241827MsoNormal\"><b id=\"yui_3_16_0_ym19_1_1460476468601_21576\"><span id=\"yui_3_16_0_ym19_1_1460476468601_21575\">Toluca, Estado de M\u00e9xico.-<\/span><\/b><span id=\"yui_3_16_0_ym19_1_1460476468601_21574\"> Isaac es un ni\u00f1o que cuida de sus compa\u00f1eros, usa el di\u00e1logo para evitar conflictos, practica los valores en su vida diaria y cumple sus tareas porque, cuando sea grande, quiere ayudar a toda su comunidad; \u00e9l forma parte de los estudiantes de la escuela primaria \u00abAlfonso G\u00f3mez de Orozco\u00bb que fueron nombrados Ni\u00f1as y Ni\u00f1os Defensores de Derechos Humanos.<span class=\"yiv7788241827\">\u00a0<\/span><\/span><\/p>\n<p id=\"yui_3_16_0_ym19_1_1460476468601_21570\" class=\"yiv7788241827MsoNormal\"><span id=\"yui_3_16_0_ym19_1_1460476468601_21569\">El gobierno municipal de Toluca, encabezado por el presidente Fernando Zamora Morales, atiende la exigencia universal de respeto a los derechos humanos, plasmada en nuestra Constituci\u00f3n, por lo que impulsa entre los peque\u00f1os del municipio la cultura de la No Violencia y valores como el respeto para una convivencia arm\u00f3nica.<\/span><\/p>\n<p id=\"yui_3_16_0_ym19_1_1460476468601_21586\" class=\"yiv7788241827MsoNormal\"><span id=\"yui_3_16_0_ym19_1_1460476468601_21585\">Por ello, la Defensor\u00eda Municipal de Derechos Humanos de Toluca reconoci\u00f3 el valor de los alumnos quienes, de forma conjunta con el H. Ayuntamiento, realizar\u00e1n acciones que contribuyan a mejorar nuestro entorno, por lo que capacit\u00f3 a los estudiantes para solucionar conflictos a trav\u00e9s del di\u00e1logo y as\u00ed fortalecer la cultura de la paz en Toluca.<span class=\"yiv7788241827\">\u00a0<\/span><\/span><\/p>\n<p id=\"yui_3_16_0_ym19_1_1460476468601_21588\" class=\"yiv7788241827MsoNormal\"><span id=\"yui_3_16_0_ym19_1_1460476468601_21587\">Los ni\u00f1os recibieron gustosos tan especial reconocimiento, portaron con orgullo su gafete y ondearon la bandera de la paz como un recordatorio del compromiso que asumieron con el gobierno municipal y con su comunidad.<br \/>\n<img loading=\"lazy\" decoding=\"async\" class=\"aligncenter size-large wp-image-423\" src=\"https:\/\/foro1025.mx\/wp-content\/uploads\/2016\/04\/nin\u0303os-576x1024.jpg\" alt=\"nin\u0303os\" width=\"576\" height=\"1024\" \/><\/span><\/p>\n<\/li>\n<\/ul>\n","protected":false},"excerpt":{"rendered":"<div class=\"mh-excerpt\"><p>Estudiantes\u00a0 de la escuela primaria \u00abAlfonso G\u00f3mez de Orozco\u00bb recibieron con orgullo la distinci\u00f3n.\u00a0 Toluca, <a class=\"mh-excerpt-more\" href=\"https:\/\/foro1025.mx\/?p=421\" title=\"Ni\u00f1as y Ni\u00f1os toluque\u00f1os son reconocidos como Defensores de Derechos Humanos.\">&#8230;<\/a><\/p>\n<\/div>","protected":false},"author":1,"featured_media":0,"comment_status":"open","ping_status":"open","sticky":false,"template":"","format":"standard","meta":{"footnotes":""},"categories":[12],"tags":[],"class_list":{"0":"post-421","1":"post","2":"type-post","3":"status-publish","4":"format-standard","6":"category-toluca"},"_links":{"self":[{"href":"https:\/\/foro1025.mx\/index.php?rest_route=\/wp\/v2\/posts\/421","targetHints":{"allow":["GET"]}}],"collection":[{"href":"https:\/\/foro1025.mx\/index.php?rest_route=\/wp\/v2\/posts"}],"about":[{"href":"https:\/\/foro1025.mx\/index.php?rest_route=\/wp\/v2\/types\/post"}],"author":[{"embeddable":true,"href":"https:\/\/foro1025.mx\/index.php?rest_route=\/wp\/v2\/users\/1"}],"replies":[{"embeddable":true,"href":"https:\/\/foro1025.mx\/index.php?rest_route=%2Fwp%2Fv2%2Fcomments&post=421"}],"version-history":[{"count":1,"href":"https:\/\/foro1025.mx\/index.php?rest_route=\/wp\/v2\/posts\/421\/revisions"}],"predecessor-version":[{"id":424,"href":"https:\/\/foro1025.mx\/index.php?rest_route=\/wp\/v2\/posts\/421\/revisions\/424"}],"wp:attachment":[{"href":"https:\/\/foro1025.mx\/index.php?rest_route=%2Fwp%2Fv2%2Fmedia&parent=421"}],"wp:term":[{"taxonomy":"category","embeddable":true,"href":"https:\/\/foro1025.mx\/index.php?rest_route=%2Fwp%2Fv2%2Fcategories&post=421"},{"taxonomy":"post_tag","embeddable":true,"href":"https:\/\/foro1025.mx\/index.php?rest_route=%2Fwp%2Fv2%2Ftags&post=421"}],"curies":[{"name":"wp","href":"https:\/\/api.w.org\/{rel}","templated":true}]}}