{"id":4221,"date":"2018-10-04T13:23:40","date_gmt":"2018-10-04T18:23:40","guid":{"rendered":"https:\/\/foro1025.mx\/?p=4221"},"modified":"2018-10-04T13:23:40","modified_gmt":"2018-10-04T18:23:40","slug":"se-reune-gobernador-del-mazo-con-familiares-de-personas-desparecidas-en-edomex-y-se-compromete-a-crear-un-centro-de-atencion-para-ellos","status":"publish","type":"post","link":"https:\/\/foro1025.mx\/?p=4221","title":{"rendered":"Se re\u00fane gobernador del Mazo con familiares de personas desparecidas en Edom\u00e9x y se compromete a crear un centro de atenci\u00f3n para ellos"},"content":{"rendered":"<p class=\"p4\"><i>\u2022 Escucha Gobernador Alfredo Del Mazo a integrantes de asociaciones y colectivos dedicados a la b\u00fasqueda de personas desaparecidas. <\/i><\/p>\n<p class=\"p4\"><i>\u2022 Recoge sus peticiones y propuestas para prevenir y resolver casos de desapariciones.<\/i><\/p>\n<p class=\"p4\"><i>\u2022 Se\u00f1ala que su administraci\u00f3n no descansar\u00e1 hasta resolver cada uno de los casos que siguen sin tener una resoluci\u00f3n.\u00a0<\/i><\/p>\n<p class=\"p4\"><i>\u2022 Anuncia el incremento de personal de dependencias dedicadas a la b\u00fasqueda e investigaci\u00f3n de personas desaparecidas y gestionar el incremento de recursos para estas instituciones. <\/i><\/p>\n<p class=\"p4\"><b>Toluca, Estado de M\u00e9xico.-<\/b> El Gobernador Alfredo Del Mazo Maza se reuni\u00f3 con Asociaciones Civiles y Colectivos de personas desaparecidas en la entidad y ante ellos, se comprometi\u00f3 a crear un Centro de Atenci\u00f3n Integral para atenderlos, as\u00ed como gestionar ante la Legislatura local, el incremento en el presupuesto en las dependencias encargadas de llevar este tipo de casos.<\/p>\n<p class=\"p4\">Adem\u00e1s de crear 75 nuevas plazas laborales en la Comisi\u00f3n Ejecutiva de Atenci\u00f3n a V\u00edctimas del Estado de M\u00e9xico, principalmente para incrementar el n\u00famero de asesores jur\u00eddicos, trabajadores sociales y psic\u00f3logos, lo que representa un crecimiento del personal del 60 por ciento, con la finalidad de brindar mayores resultados.<\/p>\n<p class=\"p4\">\u201cHay mucho por hacer, el Estado est\u00e1 en falta con ustedes porque no les ha dado respuesta a sus casos; vamos a hacer un gran trabajo para prevenir que esto no siga sucediendo en nuestro estado\u201d, afirm\u00f3.<\/p>\n<p class=\"p4\">En la reuni\u00f3n que dur\u00f3 m\u00e1s de tres horas, Alfredo Del Mazo escuch\u00f3 a los integrantes de los Asociaciones Civiles y Colectivos participantes, quienes le expresaron y entregaron por escrito una serie de peticiones para emprender acciones que permitan mejorar la b\u00fasqueda de personas desaparecidas, as\u00ed como para prevenir que se sigan presentando este tipo de situaciones.<\/p>\n<p class=\"p4\">Entre ellas se encuentran incrementar y profesionalizar al personal y dependencias que tengan que brindar atenci\u00f3n a las familias de las v\u00edctimas, donde prevalezca un trato digno y respetando sus derechos.<\/p>\n<p class=\"p4\">Brindar atenci\u00f3n integral a los familiares de la v\u00edctimas, tanto en materia de salud como psicol\u00f3gica, continuar con la realizaci\u00f3n de este tipo de mesas de trabajo para dar seguimiento a los acuerdos que se tomen y garantizar la seguridad de los integrantes de la familia que participan en la b\u00fasqueda de las personas desaparecidas.<\/p>\n<p class=\"p4\">Tambi\u00e9n realizar campa\u00f1as de prevenci\u00f3n, hacer uso de las redes sociales y espectaculares para la b\u00fasqueda de personas desaparecidas.<\/p>\n<p class=\"p4\">As\u00ed como incrementar el presupuesto a las dependencias dedicadas a la b\u00fasqueda e investigaci\u00f3n de personas desaparecidas, para que cuenten con mayores herramientas para realizar sus labores, y la creaci\u00f3n de un Centro de Atenci\u00f3n Integral para Familias de V\u00edctimas.<\/p>\n<p class=\"p4\">Al respecto, el mandatario estatal destac\u00f3 que se gestionar\u00e1 en el presupuesto del pr\u00f3ximo a\u00f1o, el incremento de recursos de las dependencias dedicadas a la b\u00fasqueda e investigaci\u00f3n de personas desaparecidas, para que cuenten con las herramientas y equipamiento tecnol\u00f3gico que les permita realizar de una mejor forma su trabajo.<\/p>\n<p class=\"p4\">Se\u00f1al\u00f3 que se trabajar\u00e1 en un plan para llevar a cabo el desazolve del Gran Canal, se impulsar\u00e1n campa\u00f1as y medidas de prevenci\u00f3n para evitar la desaparici\u00f3n de personas, y se dise\u00f1ar\u00e1 un Plan Estatal de B\u00fasqueda, adem\u00e1s de acercar servicios de salud donde tambi\u00e9n se brinde atenci\u00f3n psicol\u00f3gica a los familiares de las v\u00edctimas.<\/p>\n<p class=\"p4\">Tambi\u00e9n, dijo, se otorgar\u00e1n becas educativas a los ni\u00f1os y j\u00f3venes mexiquenses que sufrieron la desaparici\u00f3n de sus padres, se velar\u00e1 para brindar seguridad e incluso, entregar apoyos econ\u00f3micos y capacitaci\u00f3n laboral a las personas dedicadas a la b\u00fasqueda de sus familiares, adem\u00e1s de contar con un Centro de Resguardo de Personas Fallecidas sin Identificar, que fungir\u00e1 como un espacio de protecci\u00f3n para quienes perdieron la vida y tienen identidad desconocida.<\/p>\n<p class=\"p4\">A\u00f1adi\u00f3 que se har\u00e1 una respetuosa invitaci\u00f3n a la Fiscal\u00eda General de Justicia de la entidad para que pueda incrementar tambi\u00e9n el n\u00famero de personal dedicado a la b\u00fasqueda de personas desaparecidas.<\/p>\n<p class=\"p4\">Asimismo, reconoci\u00f3 el trabajo que realizan estas agrupaciones y agradeci\u00f3 la lista de propuestas y acciones que expusieron, las cuales ser\u00e1n analizadas y retomadas para combatir esta problem\u00e1tica social en la entidad, pero, principalmente, por aportar su experiencia para fortalecer las pol\u00edticas estatales relacionadas con este tema.<\/p>\n<p class=\"p4\">Agreg\u00f3 que este tipo de reuniones seguir\u00e1n llev\u00e1ndose a cabo de manera constante y ser\u00e1 la Secretar\u00eda de Justicia y Derechos Humanos, la encargada de dar seguimiento a los acuerdos tomados en \u00e9stas.<\/p>\n<p class=\"p4\">\u201cYo les agradezco la oportunidad de reunirnos y les expreso nuestro compromiso y el compromiso de mi gobierno de seguir luchando y trabajando hombro con hombro con ustedes, para que podamos darle soluci\u00f3n a las faltas que aqu\u00ed fueron expresadas, y que podamos seguir trabajando de manera permanente, que tengamos las reuniones que sean necesarias con las distintas dependencias que est\u00e1n aqu\u00ed representadas, para darle seguimiento a los casos, y que sepan que cuentan con todo nuestro compromiso para apoyarlas, para atenderlas y para que podamos darle una soluci\u00f3n.<\/p>\n<p class=\"p4\">\u201cQue sepan que cuentan, adem\u00e1s de mi compromiso institucional, con mi compromiso personal de hacerlo\u201d, apunt\u00f3.<\/p>\n","protected":false},"excerpt":{"rendered":"<div class=\"mh-excerpt\"><p>\u2022 Escucha Gobernador Alfredo Del Mazo a integrantes de asociaciones y colectivos dedicados a la <a class=\"mh-excerpt-more\" href=\"https:\/\/foro1025.mx\/?p=4221\" title=\"Se re\u00fane gobernador del Mazo con familiares de personas desparecidas en Edom\u00e9x y se compromete a crear un centro de atenci\u00f3n para ellos\">&#8230;<\/a><\/p>\n<\/div>","protected":false},"author":1,"featured_media":0,"comment_status":"open","ping_status":"open","sticky":false,"template":"","format":"standard","meta":{"footnotes":""},"categories":[13],"tags":[],"class_list":{"0":"post-4221","1":"post","2":"type-post","3":"status-publish","4":"format-standard","6":"category-estado-de-mexico"},"_links":{"self":[{"href":"https:\/\/foro1025.mx\/index.php?rest_route=\/wp\/v2\/posts\/4221","targetHints":{"allow":["GET"]}}],"collection":[{"href":"https:\/\/foro1025.mx\/index.php?rest_route=\/wp\/v2\/posts"}],"about":[{"href":"https:\/\/foro1025.mx\/index.php?rest_route=\/wp\/v2\/types\/post"}],"author":[{"embeddable":true,"href":"https:\/\/foro1025.mx\/index.php?rest_route=\/wp\/v2\/users\/1"}],"replies":[{"embeddable":true,"href":"https:\/\/foro1025.mx\/index.php?rest_route=%2Fwp%2Fv2%2Fcomments&post=4221"}],"version-history":[{"count":1,"href":"https:\/\/foro1025.mx\/index.php?rest_route=\/wp\/v2\/posts\/4221\/revisions"}],"predecessor-version":[{"id":4223,"href":"https:\/\/foro1025.mx\/index.php?rest_route=\/wp\/v2\/posts\/4221\/revisions\/4223"}],"wp:attachment":[{"href":"https:\/\/foro1025.mx\/index.php?rest_route=%2Fwp%2Fv2%2Fmedia&parent=4221"}],"wp:term":[{"taxonomy":"category","embeddable":true,"href":"https:\/\/foro1025.mx\/index.php?rest_route=%2Fwp%2Fv2%2Fcategories&post=4221"},{"taxonomy":"post_tag","embeddable":true,"href":"https:\/\/foro1025.mx\/index.php?rest_route=%2Fwp%2Fv2%2Ftags&post=4221"}],"curies":[{"name":"wp","href":"https:\/\/api.w.org\/{rel}","templated":true}]}}