{"id":425,"date":"2016-04-12T15:19:16","date_gmt":"2016-04-12T20:19:16","guid":{"rendered":"https:\/\/foro1025.mx\/?p=425"},"modified":"2016-04-12T15:19:16","modified_gmt":"2016-04-12T20:19:16","slug":"atiende-proteccion-civil-de-ecatepec-mas-de-2-mil-360-emergencias","status":"publish","type":"post","link":"https:\/\/foro1025.mx\/?p=425","title":{"rendered":"Atiende protecci\u00f3n civil de Ecatepec m\u00e1s de 2 mil 360 emergencias."},"content":{"rendered":"<p id=\"yui_3_16_0_ym19_1_1460476468601_28030\" class=\"yiv5645987831MsoNormal\" align=\"center\">\n<ul>\n<li id=\"yui_3_16_0_ym19_1_1460476468601_28092\" class=\"yiv5645987831MsoNormal\">\n<h5><i><span style=\"color: #000000;\">50 %\u00a0de las emergencias son por accidentes viales.<\/span><\/i><\/h5>\n<\/li>\n<\/ul>\n<p class=\"yiv5645987831MsoNormal\"><span style=\"color: #000000;\"><strong>Ecatepec de Morelos, Estado de M\u00e9xico.-<\/strong>\u00a0<\/span><span id=\"yui_3_16_0_ym19_1_1460476468601_28099\"><span id=\"yui_3_16_0_ym19_1_1460476468601_28098\" style=\"color: #000000;\">De enero a marzo del presente a\u00f1o, el Gobierno de Ecatepec, a trav\u00e9s de la Direcci\u00f3n de Protecci\u00f3n Civil y Bomberos, ha atendido m\u00e1s de 2 mil 360 emergencias de las cuales, casi 50 por ciento son por accidentes viales.<\/span><\/span><\/p>\n<p id=\"yui_3_16_0_ym19_1_1460476468601_28101\" class=\"yiv5645987831MsoNormal\"><span id=\"yui_3_16_0_ym19_1_1460476468601_28089\"><span id=\"yui_3_16_0_ym19_1_1460476468601_28088\" style=\"color: #000000;\">El presidente municipal, Indalecio R\u00edos Vel\u00e1zquez, destac\u00f3 que del total de los accidentes vehiculares, casi 60 por ciento son producidos por\u00a0 el uso de dispositivos m\u00f3viles, principalmente tel\u00e9fonos celulares, mientras que 40\u00a0 son por conducir bajo el influjo de alguna droga, \u00a0alcohol, y exceso de velocidad.<\/span><\/span><\/p>\n<p id=\"yui_3_16_0_ym19_1_1460476468601_28102\" class=\"yiv5645987831MsoNormal\"><span id=\"yui_3_16_0_ym19_1_1460476468601_28064\"><span id=\"yui_3_16_0_ym19_1_1460476468601_28063\" style=\"color: #000000;\">\u201cNuestro cuerpo de Protecci\u00f3n Civil y Bomberos, integrado por 81 elementos, est\u00e1 capacitado para actuar de manera inmediata ante cualquier situaci\u00f3n de riesgo, por lo que la ciudadan\u00eda puede estar segura de que en caso de as\u00ed requerirlo, recibir\u00e1 atenci\u00f3n eficaz\u201d,\u00a0dijo el edil.<\/span><\/span><\/p>\n<p id=\"yui_3_16_0_ym19_1_1460476468601_28087\" class=\"yiv5645987831MsoNormal\"><span id=\"yui_3_16_0_ym19_1_1460476468601_28104\"><span id=\"yui_3_16_0_ym19_1_1460476468601_28103\" style=\"color: #000000;\">Otras emergencias que han atendido los elementos son \u00a0de rescate urbano, atenci\u00f3n pre hospitalaria y control de contingencias como cuatro incendios forestales en la Sierra de Guadalupe, as\u00ed como en casa habitaci\u00f3n, comercios y fugas de gas.<\/span><\/span><\/p>\n<p id=\"yui_3_16_0_ym19_1_1460476468601_28066\" class=\"yiv5645987831MsoNormal\"><span style=\"color: #000000;\">R\u00edos Vel\u00e1zquez destac\u00f3 que cada d\u00eda, los cuerpos de emergencia municipal brindan entre 25 a 27 acontecimientos diarios.<\/span><\/p>\n<p id=\"yui_3_16_0_ym19_1_1460476468601_28067\" class=\"yiv5645987831MsoNormal\"><span id=\"yui_3_16_0_ym19_1_1460476468601_28069\"><span id=\"yui_3_16_0_ym19_1_1460476468601_28068\" style=\"color: #000000;\">Se\u00f1al\u00f3 que en el primer trimestre de 2016, Protecci\u00f3n Civil y Bomberos recibieron mil 328 llamadas de emergencia por conflagraciones que fueron respondidas de manera inmediata y poco m\u00e1s de 30 acciones fueron en respuesta a personas lesionadas por alg\u00fan tipo de incidente.<\/span><\/span><\/p>\n<p class=\"yiv5645987831MsoNormal\"><span style=\"color: #000000;\">Destac\u00f3 que en los primeros tres meses, la corporaci\u00f3n brind\u00f3 apoyo para el control de incendios en municipios cercanos como\u00a0 Tultitl\u00e1n, Tezoyuca y Zumpango.<\/span><\/p>\n<p id=\"yui_3_16_0_ym19_1_1460476468601_28086\" class=\"yiv5645987831MsoNormal\"><span id=\"yui_3_16_0_ym19_1_1460476468601_28084\"><span id=\"yui_3_16_0_ym19_1_1460476468601_28083\" style=\"color: #000000;\">R\u00edos Vel\u00e1zquez enfatiz\u00f3 que para reducir los \u00edndices de emergencia, es importante fomentar la cultura de la prevenci\u00f3n entre los ciudadanos, por tanto, el gobierno local ha impartido 109 cursos\u00a0en escuelas\u00a0\u00a0de nivel preescolar, primaria y secundaria\u00a0 en temas como Protecci\u00f3n Civil, prevenci\u00f3n y combate de incendios, primeros auxilios,\u00a0 taller del ni\u00f1o quemado y accidentes en el hogar, apoyados de manera l\u00fadica\u00a0 con canes entrenados en rescate.<\/span><\/span><\/p>\n<p id=\"yui_3_16_0_ym19_1_1460476468601_28108\" class=\"yiv5645987831MsoNormal\"><span id=\"yui_3_16_0_ym19_1_1460476468601_28110\"><span id=\"yui_3_16_0_ym19_1_1460476468601_28109\" style=\"color: #000000;\">Para evitar posibles accidentes, el funcionario exhort\u00f3 a la poblaci\u00f3n a revisar peri\u00f3dicamente instalaciones el\u00e9ctricas,\u00a0evitar saturar las conexiones de electricidad, revisar tuber\u00edas y conexiones de gas, as\u00ed como mantener fuera del alcance de los menores de edad, velas, veladoras, cerillos y toda clase de material flamable, adem\u00e1s de verificar que los aparatos electrodom\u00e9sticos permanezcan desconectados cuando se salga de casa.<\/span><\/span><\/p>\n<p id=\"yui_3_16_0_ym19_1_1460476468601_28112\" class=\"yiv5645987831MsoNormal\"><span id=\"yui_3_16_0_ym19_1_1460476468601_28114\"><span id=\"yui_3_16_0_ym19_1_1460476468601_28113\" style=\"color: #000000;\">Para solicitar el apoyo en caso de emergencia, reportar situaciones de riesgo o solicitar pl\u00e1ticas de prevenci\u00f3n, la ciudadan\u00eda puede comunicarse a los tel\u00e9fonos de Protecci\u00f3n Civil y Bomberos de Ecatepec al 5116-4415 y 4416.\u00a0<\/span><\/span><\/p>\n<figure id=\"attachment_427\" aria-describedby=\"caption-attachment-427\" style=\"width: 676px\" class=\"wp-caption aligncenter\"><img loading=\"lazy\" decoding=\"async\" class=\"size-large wp-image-427\" src=\"https:\/\/foro1025.mx\/wp-content\/uploads\/2016\/04\/eca-1-1024x665.jpg\" alt=\"????????????????????????????????????\" width=\"676\" height=\"439\" \/><figcaption id=\"caption-attachment-427\" class=\"wp-caption-text\">????????????????????????????????????<\/figcaption><\/figure>\n","protected":false},"excerpt":{"rendered":"<div class=\"mh-excerpt\"><p>50 %\u00a0de las emergencias son por accidentes viales. Ecatepec de Morelos, Estado de M\u00e9xico.-\u00a0De enero <a class=\"mh-excerpt-more\" href=\"https:\/\/foro1025.mx\/?p=425\" title=\"Atiende protecci\u00f3n civil de Ecatepec m\u00e1s de 2 mil 360 emergencias.\">&#8230;<\/a><\/p>\n<\/div>","protected":false},"author":1,"featured_media":0,"comment_status":"open","ping_status":"open","sticky":false,"template":"","format":"standard","meta":{"footnotes":""},"categories":[11],"tags":[],"class_list":{"0":"post-425","1":"post","2":"type-post","3":"status-publish","4":"format-standard","6":"category-ecatepec"},"_links":{"self":[{"href":"https:\/\/foro1025.mx\/index.php?rest_route=\/wp\/v2\/posts\/425","targetHints":{"allow":["GET"]}}],"collection":[{"href":"https:\/\/foro1025.mx\/index.php?rest_route=\/wp\/v2\/posts"}],"about":[{"href":"https:\/\/foro1025.mx\/index.php?rest_route=\/wp\/v2\/types\/post"}],"author":[{"embeddable":true,"href":"https:\/\/foro1025.mx\/index.php?rest_route=\/wp\/v2\/users\/1"}],"replies":[{"embeddable":true,"href":"https:\/\/foro1025.mx\/index.php?rest_route=%2Fwp%2Fv2%2Fcomments&post=425"}],"version-history":[{"count":1,"href":"https:\/\/foro1025.mx\/index.php?rest_route=\/wp\/v2\/posts\/425\/revisions"}],"predecessor-version":[{"id":429,"href":"https:\/\/foro1025.mx\/index.php?rest_route=\/wp\/v2\/posts\/425\/revisions\/429"}],"wp:attachment":[{"href":"https:\/\/foro1025.mx\/index.php?rest_route=%2Fwp%2Fv2%2Fmedia&parent=425"}],"wp:term":[{"taxonomy":"category","embeddable":true,"href":"https:\/\/foro1025.mx\/index.php?rest_route=%2Fwp%2Fv2%2Fcategories&post=425"},{"taxonomy":"post_tag","embeddable":true,"href":"https:\/\/foro1025.mx\/index.php?rest_route=%2Fwp%2Fv2%2Ftags&post=425"}],"curies":[{"name":"wp","href":"https:\/\/api.w.org\/{rel}","templated":true}]}}