{"id":4299,"date":"2018-10-08T16:18:01","date_gmt":"2018-10-08T21:18:01","guid":{"rendered":"https:\/\/foro1025.mx\/?p=4299"},"modified":"2018-10-08T16:24:20","modified_gmt":"2018-10-08T21:24:20","slug":"pone-en-operacion-alfredo-del-mazo-linea-expres-lecheria-las-americas-y-estacion-de-retorno-oriente-del-mexibus-ii","status":"publish","type":"post","link":"https:\/\/foro1025.mx\/?p=4299","title":{"rendered":"Pone en operaci\u00f3n Alfredo del Mazo l\u00ednea expr\u00e9s Lecher\u00eda-Las Am\u00e9ricas y estaci\u00f3n de retorno oriente del Mexib\u00fas II"},"content":{"rendered":"<p class=\"p4\"><i>\u2022 Informa que la Estaci\u00f3n de Retorno Oriente une al Mexib\u00fas con el Tren Suburbano. <\/i><\/p>\n<p class=\"p4\"><i>\u2022 Destaca que la L\u00ednea Expr\u00e9s reducir\u00e1 los tiempos de traslado en 20 minutos. <\/i><\/p>\n<p class=\"p4\"><i>\u2022 Se\u00f1ala que impulsar\u00e1 al Mexib\u00fas y Mexicable para que sean la columna vertebral del transporte mexiquense.<\/i><\/p>\n<p>&nbsp;<\/p>\n<p><a href=\"https:\/\/www.facebook.com\/foro1025\/videos\/728262504185087\/\">https:\/\/www.facebook.com\/foro1025\/videos\/728262504185087\/<\/a><\/p>\n<p>&nbsp;<\/p>\n<p class=\"p4\"><b>Tultitl\u00e1n, Estado de M\u00e9xico.-<\/b>Brindar un servicio de transporte moderno que mejore la movilidad de los mexiquenses que habitan en los municipios conurbados del Valle de M\u00e9xico, es uno de los objetivos de la administraci\u00f3n estatal, por ello, se puso en operaci\u00f3n la Estaci\u00f3n de Retorno Oriente en la parada de Lecher\u00eda de la L\u00ednea II del Mexib\u00fas, as\u00ed como la L\u00ednea Expr\u00e9s que llegar\u00e1 hasta Ecatepec, afirm\u00f3 el Gobernador Alfredo Del Mazo Maza.<\/p>\n<p>&nbsp;<\/p>\n<p><img loading=\"lazy\" decoding=\"async\" class=\"aligncenter size-large wp-image-4301\" src=\"https:\/\/foro1025.mx\/wp-content\/uploads\/2018\/10\/1-1024x680.jpg\" alt=\"\" width=\"1024\" height=\"680\" \/><\/p>\n<p>&nbsp;<\/p>\n<p class=\"p4\">Destac\u00f3 que la Estaci\u00f3n de Retorno Oriente unir\u00e1 a la L\u00ednea 2 del Mexib\u00fas con el Tren Suburbano, y ser\u00e1 el punto de donde saldr\u00e1 la L\u00ednea Expr\u00e9s que ir\u00e1 de Lecher\u00eda, en Tultitl\u00e1n, a Las Am\u00e9ricas, en Ecatepec, pasando por Coacalco, y que reducir\u00e1 el tiempo de traslado entre ambos puntos en 20 minutos, ya que el viaje se llevar\u00e1<span class=\"Apple-converted-space\">\u00a0 <\/span>a cabo en 30 minutos, cuando anteriormente se hac\u00eda en 55.<\/p>\n<p class=\"p4\">\u201cEl d\u00eda de hoy hacemos entrega de esta Estaci\u00f3n de Retorno Oriente aqu\u00ed en Tultitl\u00e1n, en Lecher\u00eda, que nos permite conectar al Mexib\u00fas, a la L\u00ednea II del Mexib\u00fas con el Tren Suburbano, esto nos ayuda a alimentar estos dos sistemas, acercarle a los ciudadanos el acceso a los sistemas de transporte al Tren Suburbano y a la L\u00ednea II del Mexib\u00fas y, por supuesto, tambi\u00e9n a disminuir los tiempos de traslado\u201d, apunt\u00f3.<\/p>\n<p class=\"p4\">En la estaci\u00f3n de Lecher\u00eda de la L\u00ednea II del Mexib\u00fas, el Gobernador Alfredo Del Mazo se\u00f1al\u00f3 que en materia de movilidad y sistema de transporte se trabaja para brindar un servicio seguro y eficiente.<\/p>\n<p class=\"p4\">Por ello, las unidades de transporte que est\u00e1n incorpor\u00e1ndose al Servicio Expr\u00e9s, as\u00ed como las que se est\u00e1n renovando en el sistema tradicional, traen instaladas c\u00e1maras de videovigilancia, botones de p\u00e1nico, sistemas de GPS y conexi\u00f3n al C5 para que, en caso de alg\u00fan incidente, se pueda tener una respuesta inmediata y mejorar la seguridad en el transporte.<\/p>\n<p>&nbsp;<\/p>\n<p><img loading=\"lazy\" decoding=\"async\" class=\"aligncenter size-large wp-image-4302\" src=\"https:\/\/foro1025.mx\/wp-content\/uploads\/2018\/10\/2-1024x509.jpg\" alt=\"\" width=\"1024\" height=\"509\" \/><\/p>\n<p>&nbsp;<\/p>\n<p class=\"p4\">En este evento, el mandatario mexiquense dio el banderazo de salida a la L\u00ednea Expr\u00e9s Lecher\u00eda-Las Am\u00e9ricas y manifest\u00f3 que otro de los objetivos de la administraci\u00f3n estatal es fortalecer los sistemas del Mexib\u00fas y Mexicable, para convertirlos en la columna vertebral del transporte en el Estado de M\u00e9xico.<\/p>\n<p class=\"p4\">Afirm\u00f3 que se busca duplicar el n\u00famero de usuarios ya que actualmente estos sistemas son utilizados por 324 mil pasajeros, y la meta es llegar diariamente a m\u00e1s de 600 mil.<\/p>\n<p class=\"p4\">\u201cEsto nos permitir\u00e1 seguir mejorando de manera gradual la calidad del servicio de mediana capacidad, que es el m\u00e1s utilizado actualmente. Estos sistemas, adem\u00e1s de ser modernos, son sistemas sustentables, limpios, seguros y est\u00e1n dise\u00f1ados en casos de \u00e9xito de otras ciudades y cumplen con los est\u00e1ndares de seguridad internacional\u201d, agreg\u00f3.<\/p>\n<p class=\"p4\">Alfredo Del Mazo precis\u00f3 que de la mano con los transportistas, no s\u00f3lo se est\u00e1n regularizando las concesiones, sino que se ha implementado un esquema m\u00e1s estricto para la expedici\u00f3n de licencias, y junto con el Instituto de Capacitaci\u00f3n y Adiestramiento para el Trabajo Industrial (ICATI), se ha apoyado la profesionalizaci\u00f3n de casi 7 mil operadores, a fin de que presten el servicio con amabilidad,<span class=\"Apple-converted-space\">\u00a0 <\/span>respeto a los reglamentos y con responsabilidad.<\/p>\n<p>&nbsp;<\/p>\n<p><img loading=\"lazy\" decoding=\"async\" class=\"aligncenter size-large wp-image-4304\" src=\"https:\/\/foro1025.mx\/wp-content\/uploads\/2018\/10\/5-1-1024x682.jpg\" alt=\"\" width=\"1024\" height=\"682\" \/><\/p>\n<p>&nbsp;<\/p>\n<p class=\"p4\">Tambi\u00e9n dio a conocer algunas de las acciones impulsadas en materia de transporte, como contar con m\u00e1s de 6 mil 700 unidades de transporte con c\u00e1maras de vigilancia, botones de p\u00e1nico, sistemas GPS<span class=\"Apple-converted-space\">\u00a0 <\/span>y conectados al C5, as\u00ed como tener alternativas de financiamiento para la renovaci\u00f3n de unidades con m\u00e1s de 10 a\u00f1os.<\/p>\n<p class=\"p4\">En este sentido, reconoci\u00f3 a los concesionarios por el compromiso que tienen con el Estado de M\u00e9xico y trabajar coordinadamente con la administraci\u00f3n estatal para mejorar el servicio que se brinda a los mexiquenses, adem\u00e1s de tener una mayor movilidad en la entidad.<\/p>\n<p class=\"p4\">El Gobernador mexiquense indic\u00f3 que, de acuerdo con la Encuesta Origen-Destino 2017, realizada por la UNAM, INEGI y los gobiernos del Estado de M\u00e9xico y de la Ciudad de M\u00e9xico, en la Zona Metropolitana del Valle de M\u00e9xico (ZMVM), se realizan m\u00e1s de 34 millones de viajes diarios, de los cuales 17 millones son efectuados por habitantes de los municipios conurbados de la entidad y del estado de Hidalgo.<\/p>\n<p>&nbsp;<\/p>\n<p><img loading=\"lazy\" decoding=\"async\" class=\"aligncenter size-large wp-image-4305\" src=\"https:\/\/foro1025.mx\/wp-content\/uploads\/2018\/10\/3-1024x601.jpg\" alt=\"\" width=\"1024\" height=\"601\" \/><\/p>\n<p>&nbsp;<\/p>\n<p class=\"p4\">Precis\u00f3 que de estos 17 millones de viajes, el 41 por ciento, equivalentes a 6.9 millones, se llevan a cabo en transporte p\u00fablico, y el 82 por ciento de estos desplazamientos se realizan en autobuses, camionetas y micros colectivos.<\/p>\n<p class=\"p4\">Del Mazo Maza agradeci\u00f3 a la Secretar\u00eda de Comunicaciones y Transportes (SCT), por la inversi\u00f3n superior a los 70 millones de pesos que se destin\u00f3 a la Estaci\u00f3n de Retorno Oriente, as\u00ed como al Gobierno municipal por la aportaci\u00f3n del terreno.<\/p>\n","protected":false},"excerpt":{"rendered":"<div class=\"mh-excerpt\"><p>\u2022 Informa que la Estaci\u00f3n de Retorno Oriente une al Mexib\u00fas con el Tren Suburbano. <a class=\"mh-excerpt-more\" href=\"https:\/\/foro1025.mx\/?p=4299\" title=\"Pone en operaci\u00f3n Alfredo del Mazo l\u00ednea expr\u00e9s Lecher\u00eda-Las Am\u00e9ricas y estaci\u00f3n de retorno oriente del Mexib\u00fas II\">&#8230;<\/a><\/p>\n<\/div>","protected":false},"author":1,"featured_media":0,"comment_status":"open","ping_status":"open","sticky":false,"template":"","format":"standard","meta":{"footnotes":""},"categories":[13,39,10],"tags":[],"class_list":{"0":"post-4299","1":"post","2":"type-post","3":"status-publish","4":"format-standard","6":"category-estado-de-mexico","7":"category-principales","8":"category-tultitlan"},"_links":{"self":[{"href":"https:\/\/foro1025.mx\/index.php?rest_route=\/wp\/v2\/posts\/4299","targetHints":{"allow":["GET"]}}],"collection":[{"href":"https:\/\/foro1025.mx\/index.php?rest_route=\/wp\/v2\/posts"}],"about":[{"href":"https:\/\/foro1025.mx\/index.php?rest_route=\/wp\/v2\/types\/post"}],"author":[{"embeddable":true,"href":"https:\/\/foro1025.mx\/index.php?rest_route=\/wp\/v2\/users\/1"}],"replies":[{"embeddable":true,"href":"https:\/\/foro1025.mx\/index.php?rest_route=%2Fwp%2Fv2%2Fcomments&post=4299"}],"version-history":[{"count":2,"href":"https:\/\/foro1025.mx\/index.php?rest_route=\/wp\/v2\/posts\/4299\/revisions"}],"predecessor-version":[{"id":4307,"href":"https:\/\/foro1025.mx\/index.php?rest_route=\/wp\/v2\/posts\/4299\/revisions\/4307"}],"wp:attachment":[{"href":"https:\/\/foro1025.mx\/index.php?rest_route=%2Fwp%2Fv2%2Fmedia&parent=4299"}],"wp:term":[{"taxonomy":"category","embeddable":true,"href":"https:\/\/foro1025.mx\/index.php?rest_route=%2Fwp%2Fv2%2Fcategories&post=4299"},{"taxonomy":"post_tag","embeddable":true,"href":"https:\/\/foro1025.mx\/index.php?rest_route=%2Fwp%2Fv2%2Ftags&post=4299"}],"curies":[{"name":"wp","href":"https:\/\/api.w.org\/{rel}","templated":true}]}}