{"id":432,"date":"2016-04-12T15:25:51","date_gmt":"2016-04-12T20:25:51","guid":{"rendered":"https:\/\/foro1025.mx\/?p=432"},"modified":"2016-04-12T15:25:51","modified_gmt":"2016-04-12T20:25:51","slug":"el-cabildo-designo-al-cronista-municipal-de-huixquilucan","status":"publish","type":"post","link":"https:\/\/foro1025.mx\/?p=432","title":{"rendered":"El cabildo design\u00f3 al cronista municipal de Huixquilucan."},"content":{"rendered":"<ul>\n<li id=\"yui_3_16_0_ym19_1_1460476468601_30720\" class=\"yiv1896080697MsoNormal\" style=\"text-align: left;\"><b><\/b><br \/>\n<h5><b>\u00b7<\/b><b>\u00a0\u00a0\u00a0\u00a0\u00a0\u00a0<\/b><b id=\"yui_3_16_0_ym19_1_1460476468601_30727\"><span id=\"yui_3_16_0_ym19_1_1460476468601_30726\">El\u00a0antrop\u00f3logo e historiador Mauricio Guti\u00e9rrez de los \u00c1ngeles es el nuevo Cronista Municipal.<\/span><\/b><\/h5>\n<p><b><\/b><\/li>\n<\/ul>\n<p id=\"yui_3_16_0_ym19_1_1460476468601_30762\" class=\"yiv1896080697MsoNormal\"><strong>\u00a0Huixquiluca, Estado de M\u00e9xico.<\/strong>&#8211;<span id=\"yui_3_16_0_ym19_1_1460476468601_30763\">El presidente municipal de Huixquilucan, Enrique Vargas del Villar, tom\u00f3 protesta a Mauricio Guti\u00e9rrez de los \u00c1ngeles como Cronista Municipal para el periodo 2016-2018. Es antrop\u00f3logo e historiador y vecino de la comunidad de Magdalena Chichicaspa.<\/span><\/p>\n<p id=\"yui_3_16_0_ym19_1_1460476468601_30715\" class=\"yiv1896080697MsoNormal\"><span id=\"yui_3_16_0_ym19_1_1460476468601_30765\">Durante la d\u00e9cima sesi\u00f3n ordinaria de Cabildo, los integrantes del cuerpo edilicio de Huixquilucan escucharon detalladamente la exposici\u00f3n de motivos y plan de trabajo de\u00a0 Mauricio Guti\u00e9rrez de los \u00c1ngeles, Mar\u00eda Guadalupe Ramos Castro y Almaquio Costi\u00f1ica Valencia, todos aspirantes a ser el Cronista Municipal.<\/span><\/p>\n<p id=\"yui_3_16_0_ym19_1_1460476468601_30767\" class=\"yiv1896080697MsoNormal\"><span id=\"yui_3_16_0_ym19_1_1460476468601_30768\">Tras deliberar y efectuar la votaci\u00f3n, los ediles designaron a Guti\u00e9rrez de los \u00c1ngeles, quien al tomar protesta, agradeci\u00f3 la confianza y se comprometi\u00f3 a trabajar arduamente para rescatar la identidad del municipio.<b>\u00a0<\/b>\u00a0<\/span><\/p>\n<p id=\"yui_3_16_0_ym19_1_1460476468601_30719\" class=\"yiv1896080697MsoNormal\"><span id=\"yui_3_16_0_ym19_1_1460476468601_30770\">Durante su intervenci\u00f3n, detall\u00f3 que como Cronista Municipal se enfocar\u00e1 en rescatar el acervo hist\u00f3rico, fotogr\u00e1fico \u00a0y cultural de la localidad, as\u00ed como fomentar la identidad de los huixquiluquenses.<\/span><\/p>\n<p id=\"yui_3_16_0_ym19_1_1460476468601_30772\" class=\"yiv1896080697MsoNormal\"><span id=\"yui_3_16_0_ym19_1_1460476468601_30729\">\u201cParte de la investigaci\u00f3n que he realizado es localizar un c\u00f3dice de Magdalena Chichicaspa que data del a\u00f1o 1700 aproximadamente y hoy en d\u00eda se encuentra en la biblioteca del congreso de Washington, por lo que ser\u00eda de gran val\u00eda para la historia de Huixquilucan poder rescatar o hacer un estudio de este documento\u201d, detall\u00f3.<\/span><\/p>\n<p id=\"yui_3_16_0_ym19_1_1460476468601_30773\" class=\"yiv1896080697MsoNormal\"><span id=\"yui_3_16_0_ym19_1_1460476468601_30775\">\u201cSer cronista municipal es una forma de agradecer a Huixquilucan todo lo que me ha brindado, ya que gracias a su riqueza cultural es que decid\u00ed cursar la carrera en antropolog\u00eda\u201d, puntualiz\u00f3.<\/span><\/p>\n<p class=\"yiv1896080697MsoNormal\">\n","protected":false},"excerpt":{"rendered":"<div class=\"mh-excerpt\"><p>\u00b7\u00a0\u00a0\u00a0\u00a0\u00a0\u00a0El\u00a0antrop\u00f3logo e historiador Mauricio Guti\u00e9rrez de los \u00c1ngeles es el nuevo Cronista Municipal. \u00a0Huixquiluca, Estado <a class=\"mh-excerpt-more\" href=\"https:\/\/foro1025.mx\/?p=432\" title=\"El cabildo design\u00f3 al cronista municipal de Huixquilucan.\">&#8230;<\/a><\/p>\n<\/div>","protected":false},"author":1,"featured_media":0,"comment_status":"open","ping_status":"open","sticky":false,"template":"","format":"standard","meta":{"footnotes":""},"categories":[17],"tags":[],"class_list":{"0":"post-432","1":"post","2":"type-post","3":"status-publish","4":"format-standard","6":"category-huixquilucan"},"_links":{"self":[{"href":"https:\/\/foro1025.mx\/index.php?rest_route=\/wp\/v2\/posts\/432","targetHints":{"allow":["GET"]}}],"collection":[{"href":"https:\/\/foro1025.mx\/index.php?rest_route=\/wp\/v2\/posts"}],"about":[{"href":"https:\/\/foro1025.mx\/index.php?rest_route=\/wp\/v2\/types\/post"}],"author":[{"embeddable":true,"href":"https:\/\/foro1025.mx\/index.php?rest_route=\/wp\/v2\/users\/1"}],"replies":[{"embeddable":true,"href":"https:\/\/foro1025.mx\/index.php?rest_route=%2Fwp%2Fv2%2Fcomments&post=432"}],"version-history":[{"count":1,"href":"https:\/\/foro1025.mx\/index.php?rest_route=\/wp\/v2\/posts\/432\/revisions"}],"predecessor-version":[{"id":434,"href":"https:\/\/foro1025.mx\/index.php?rest_route=\/wp\/v2\/posts\/432\/revisions\/434"}],"wp:attachment":[{"href":"https:\/\/foro1025.mx\/index.php?rest_route=%2Fwp%2Fv2%2Fmedia&parent=432"}],"wp:term":[{"taxonomy":"category","embeddable":true,"href":"https:\/\/foro1025.mx\/index.php?rest_route=%2Fwp%2Fv2%2Fcategories&post=432"},{"taxonomy":"post_tag","embeddable":true,"href":"https:\/\/foro1025.mx\/index.php?rest_route=%2Fwp%2Fv2%2Ftags&post=432"}],"curies":[{"name":"wp","href":"https:\/\/api.w.org\/{rel}","templated":true}]}}