{"id":4356,"date":"2018-10-09T15:24:04","date_gmt":"2018-10-09T20:24:04","guid":{"rendered":"https:\/\/foro1025.mx\/?p=4356"},"modified":"2018-10-09T15:27:39","modified_gmt":"2018-10-09T20:27:39","slug":"abren-convocatoria-para-el-primer-concurso-nacional-de-acuarela","status":"publish","type":"post","link":"https:\/\/foro1025.mx\/?p=4356","title":{"rendered":"Abren convocatoria para el Primer Concurso Nacional de Acuarela"},"content":{"rendered":"<p class=\"p2\">\u2022 Podr\u00e1n participar mexicanos y extranjeros que residan en el pa\u00eds, en tres diferentes categor\u00edas.<\/p>\n<p class=\"p2\">\u2022 Cierra el registro el 30 de noviembre de 2018.<\/p>\n<p>&nbsp;<\/p>\n<p><a href=\"https:\/\/www.facebook.com\/foro1025\/videos\/1117314778430424\/\">https:\/\/www.facebook.com\/foro1025\/videos\/1117314778430424\/<\/a><\/p>\n<p>&nbsp;<\/p>\n<p class=\"p2\"><b>Toluca, Estado de M\u00e9xico.-<\/b>Con el objetivo de ofrecer a las ni\u00f1as, ni\u00f1os, j\u00f3venes y p\u00fablico en general la oportunidad para expresar su visi\u00f3n de la sociedad y fortalecer los valores que reconstruyan el tejido social, se abri\u00f3 la convocatoria para el Primer Concurso Nacional de Acuarela \u00bfC\u00f3mo construimos un M\u00e9xico honesto y sin corrupci\u00f3n?<\/p>\n<p class=\"p2\">El Tribunal de Justicia Administrativa, en coordinaci\u00f3n con la Secretar\u00eda de Educaci\u00f3n, la Secretar\u00eda de Cultura, Coparmex Metropolitano, todos del Estado de M\u00e9xico, y la Asociaci\u00f3n de Magistrados de Tribunales de Justicia Administrativa de los Estados Unidos Mexicanos, AC, invitan a mexicanos y extranjeros que residan en el pa\u00eds, a inscribirse en alguna de las siguientes categor\u00edas: A, de 10 a 12 a\u00f1os de edad, B, de 13 a 17 a\u00f1os y C, de 18 a\u00f1os en adelante.<\/p>\n<p class=\"p2\">Durante la presentaci\u00f3n de esta convocatoria nacional, en representaci\u00f3n del Secretario de Educaci\u00f3n, Alejandro Fern\u00e1ndez Campillo, el Subsecretario de Educaci\u00f3n B\u00e1sica y Normal, Rogelio Tinoco Garc\u00eda, dijo que para impulsar el concurso, la Secretar\u00eda ya ha difundido la convocatoria en mil 687 escuelas primarias, 2 mil 175 secundarias y 54 Escuelas de Bellas Artes de la entidad.<\/p>\n<p class=\"p2\">Los interesados deber\u00e1n realizar su registro de inscripci\u00f3n en la p\u00e1gina web del concurso http:\/\/trijaem.gob.mx\/acuarela, cumpliendo con los siguientes requisitos: formulario con los datos personales, descripci\u00f3n de la obra con una extensi\u00f3n m\u00e1xima de 250 palabras, escrito de autorizaci\u00f3n de uso de imagen personal, en el caso de los participantes menores de edad y una fotograf\u00eda de la obra.<\/p>\n<p class=\"p2\">Para las categor\u00edas A y B, el primer lugar recibir\u00e1 7 mil pesos; el segundo lugar 5 mil pesos y el tercer lugar 3 mil pesos.<\/p>\n<p class=\"p2\">Para la categor\u00eda C, el primero, segundo y tercer lugar se premiar\u00e1n con 45, 20 y 10 mil pesos, respectivamente; s\u00f3lo se recibir\u00e1 un trabajo por cada participante y debe ser una idea original y que no haya sido expuesta anteriormente.<\/p>\n<p class=\"p2\">La fecha l\u00edmite de registro web, env\u00edo de documentos y fotograf\u00eda de la obra es el 30 de noviembre de 2018 y los resultados ser\u00e1n publicados el 17 de diciembre de este a\u00f1o.<\/p>\n<p class=\"p2\">La convocatoria tambi\u00e9n est\u00e1 disponible en el portal oficial de la Secretar\u00eda de Educaci\u00f3n del Estado de M\u00e9xico, en seduc.edomex.gob.mx<\/p>\n","protected":false},"excerpt":{"rendered":"<div class=\"mh-excerpt\"><p>\u2022 Podr\u00e1n participar mexicanos y extranjeros que residan en el pa\u00eds, en tres diferentes categor\u00edas. <a class=\"mh-excerpt-more\" href=\"https:\/\/foro1025.mx\/?p=4356\" title=\"Abren convocatoria para el Primer Concurso Nacional de Acuarela\">&#8230;<\/a><\/p>\n<\/div>","protected":false},"author":1,"featured_media":0,"comment_status":"open","ping_status":"open","sticky":false,"template":"","format":"standard","meta":{"footnotes":""},"categories":[20,13,18],"tags":[],"class_list":{"0":"post-4356","1":"post","2":"type-post","3":"status-publish","4":"format-standard","6":"category-cultura","7":"category-estado-de-mexico","8":"category-nacional"},"_links":{"self":[{"href":"https:\/\/foro1025.mx\/index.php?rest_route=\/wp\/v2\/posts\/4356","targetHints":{"allow":["GET"]}}],"collection":[{"href":"https:\/\/foro1025.mx\/index.php?rest_route=\/wp\/v2\/posts"}],"about":[{"href":"https:\/\/foro1025.mx\/index.php?rest_route=\/wp\/v2\/types\/post"}],"author":[{"embeddable":true,"href":"https:\/\/foro1025.mx\/index.php?rest_route=\/wp\/v2\/users\/1"}],"replies":[{"embeddable":true,"href":"https:\/\/foro1025.mx\/index.php?rest_route=%2Fwp%2Fv2%2Fcomments&post=4356"}],"version-history":[{"count":3,"href":"https:\/\/foro1025.mx\/index.php?rest_route=\/wp\/v2\/posts\/4356\/revisions"}],"predecessor-version":[{"id":4360,"href":"https:\/\/foro1025.mx\/index.php?rest_route=\/wp\/v2\/posts\/4356\/revisions\/4360"}],"wp:attachment":[{"href":"https:\/\/foro1025.mx\/index.php?rest_route=%2Fwp%2Fv2%2Fmedia&parent=4356"}],"wp:term":[{"taxonomy":"category","embeddable":true,"href":"https:\/\/foro1025.mx\/index.php?rest_route=%2Fwp%2Fv2%2Fcategories&post=4356"},{"taxonomy":"post_tag","embeddable":true,"href":"https:\/\/foro1025.mx\/index.php?rest_route=%2Fwp%2Fv2%2Ftags&post=4356"}],"curies":[{"name":"wp","href":"https:\/\/api.w.org\/{rel}","templated":true}]}}