{"id":483,"date":"2016-04-19T12:54:35","date_gmt":"2016-04-19T17:54:35","guid":{"rendered":"https:\/\/foro1025.mx\/?p=483"},"modified":"2016-04-19T12:54:58","modified_gmt":"2016-04-19T17:54:58","slug":"mexiquenses-preguntan-si-fotomultas-esta-dentro-de-la-ley-gerardo-pliego-s","status":"publish","type":"post","link":"https:\/\/foro1025.mx\/?p=483","title":{"rendered":"Mexiquenses preguntan si fotomultas est\u00e1 dentro de la ley: Gerardo Pliego S."},"content":{"rendered":"<ul>\n<li id=\"yui_3_16_0_ym19_1_1461086857107_18033\" class=\"yiv0111463454\" style=\"text-align: justify;\">\n<h5 style=\"text-align: justify;\"><b><i>\u00a0Durante el Primer Foro \u201cTodo lo que debes saber de las\u00a0<\/i><\/b><b id=\"yui_3_16_0_ym19_1_1461086857107_18031\"><i id=\"yui_3_16_0_ym19_1_1461086857107_18030\">\u202a#\u200eFotomultas\u00bb, se document\u00f3 que gran cantidad de multas no corresponde con la matr\u00edcula del veh\u00edculo infraccionado, o hay una diferencia entre la velocidad permitida y la real del veh\u00edculo.<\/i><\/b><\/h5>\n<\/li>\n<\/ul>\n<p id=\"yui_3_16_0_ym19_1_1461086857107_18029\" class=\"yiv0111463454\" style=\"text-align: justify;\"><strong>Toluca, Estado de M\u00e9xico.-<\/strong> Durante el desarrollo del Primer Foro \u201cTodo lo que debes saber de las\u00a0\u202a#\u200eFotomultas\u00bb, el diputado Gerardo Pliego Santana afirm\u00f3 que\u00a0 ciudadanos del estado de M\u00e9xico se preguntan si su aplicaci\u00f3n est\u00e1 dentro de la ley.<\/p>\n<p id=\"yui_3_16_0_ym19_1_1461086857107_18028\" class=\"yiv0111463454\" style=\"text-align: justify;\">Record\u00f3 que en tribuna legislativa fijo un posicionamiento para solicitar el gobierno estatal el proceso de adjudicaci\u00f3n del contrato a la empresa que desarroll\u00f3 el proyecto.<\/p>\n<p id=\"yui_3_16_0_ym19_1_1461086857107_18027\" class=\"yiv0111463454\" style=\"text-align: justify;\">Pliego Santana explic\u00f3 que el contrato fue por la cantidad de 220 mil millones de pesos, y de acuerdo a datos que hoy circulan sobre el proyecto de las fotomultas, se calcula que mensualmente la recaudaci\u00f3n asciende a 55 millones de pesos.<\/p>\n<p id=\"yui_3_16_0_ym19_1_1461086857107_18026\" class=\"yiv0111463454\" style=\"text-align: justify;\">\u201cAl hacer n\u00fameros r\u00e1pidos, en solo cuatro meses la empresa estar\u00eda recuperando la inversi\u00f3n realizada, eso contando que \u00a0se lleva el 50 por ciento, y a las arcas del gobierno estatal el otro 50 por ciento\u00bb.<\/p>\n<p id=\"yui_3_16_0_ym19_1_1461086857107_18025\" class=\"yiv0111463454\" style=\"text-align: justify;\">El legislador panista abund\u00f3 que otra duda que tienen los automovilistas tiene que ver con el destino de los recursos recaudados por este medio, \u201cpues las carreteras del estado de M\u00e9xico se encuentran en malas condiciones, no \u00a0hay se\u00f1alamientos sobre los l\u00edmites de velocidad, \u00a0adem\u00e1s que no se sabe d\u00f3nde est\u00e1n localizados los arcos donde se encuentran c\u00e1maras y detectores.<\/p>\n<p id=\"yui_3_16_0_ym19_1_1461086857107_18021\" class=\"yiv0111463454\" style=\"text-align: justify;\">\u00abMuchos mexiquenses han solicitado ayuda para saber qu\u00e9 hacer, porque hay personas que les han llegado hasta 50 fotomultas, y en muchos de los casos no corresponde con la matr\u00edcula de su autom\u00f3vil, o hay una diferencia entre la velocidad permitida y la real del veh\u00edculo\u00bb.<\/p>\n<p id=\"yui_3_16_0_ym19_1_1461086857107_18045\" class=\"yiv0111463454\" style=\"text-align: justify;\">En este primer foro participaron los doctores en Econom\u00eda, Sergio Salda\u00f1a Zorrilla, y en Ciencias, Hugo Rodr\u00edguez Barroso; as\u00ed como la Maestra en Derecho, M\u00f3nica Fragoso Maldonado, quienes abordan temas sobre la\u00a0 legalidad, ilegalidad, recursos y acciones ciudadanas relacionadas a la instauraci\u00f3n de este tipo de infracciones vehiculares.<\/p>\n<p class=\"yiv0111463454\" style=\"text-align: justify;\">\n","protected":false},"excerpt":{"rendered":"<div class=\"mh-excerpt\"><p>\u00a0Durante el Primer Foro \u201cTodo lo que debes saber de las\u00a0\u202a#\u200eFotomultas\u00bb, se document\u00f3 que gran <a class=\"mh-excerpt-more\" href=\"https:\/\/foro1025.mx\/?p=483\" title=\"Mexiquenses preguntan si fotomultas est\u00e1 dentro de la ley: Gerardo Pliego S.\">&#8230;<\/a><\/p>\n<\/div>","protected":false},"author":1,"featured_media":0,"comment_status":"open","ping_status":"open","sticky":false,"template":"","format":"standard","meta":{"footnotes":""},"categories":[22],"tags":[],"class_list":{"0":"post-483","1":"post","2":"type-post","3":"status-publish","4":"format-standard","6":"category-diputados"},"_links":{"self":[{"href":"https:\/\/foro1025.mx\/index.php?rest_route=\/wp\/v2\/posts\/483","targetHints":{"allow":["GET"]}}],"collection":[{"href":"https:\/\/foro1025.mx\/index.php?rest_route=\/wp\/v2\/posts"}],"about":[{"href":"https:\/\/foro1025.mx\/index.php?rest_route=\/wp\/v2\/types\/post"}],"author":[{"embeddable":true,"href":"https:\/\/foro1025.mx\/index.php?rest_route=\/wp\/v2\/users\/1"}],"replies":[{"embeddable":true,"href":"https:\/\/foro1025.mx\/index.php?rest_route=%2Fwp%2Fv2%2Fcomments&post=483"}],"version-history":[{"count":2,"href":"https:\/\/foro1025.mx\/index.php?rest_route=\/wp\/v2\/posts\/483\/revisions"}],"predecessor-version":[{"id":486,"href":"https:\/\/foro1025.mx\/index.php?rest_route=\/wp\/v2\/posts\/483\/revisions\/486"}],"wp:attachment":[{"href":"https:\/\/foro1025.mx\/index.php?rest_route=%2Fwp%2Fv2%2Fmedia&parent=483"}],"wp:term":[{"taxonomy":"category","embeddable":true,"href":"https:\/\/foro1025.mx\/index.php?rest_route=%2Fwp%2Fv2%2Fcategories&post=483"},{"taxonomy":"post_tag","embeddable":true,"href":"https:\/\/foro1025.mx\/index.php?rest_route=%2Fwp%2Fv2%2Ftags&post=483"}],"curies":[{"name":"wp","href":"https:\/\/api.w.org\/{rel}","templated":true}]}}