{"id":487,"date":"2016-04-19T13:01:07","date_gmt":"2016-04-19T18:01:07","guid":{"rendered":"https:\/\/foro1025.mx\/?p=487"},"modified":"2016-04-19T13:01:07","modified_gmt":"2016-04-19T18:01:07","slug":"previene-gobierno-de-ecatepec-violencia-infantil-y-escolar-con-talleres-y-cursos-para-padres-de-familia","status":"publish","type":"post","link":"https:\/\/foro1025.mx\/?p=487","title":{"rendered":"Previene gobierno de Ecatepec violencia infantil y escolar con talleres y cursos para padres de familia."},"content":{"rendered":"<p align=\"center\">\n<p id=\"yui_3_16_0_ym19_1_1461086857107_19962\" style=\"text-align: justify;\" align=\"center\"><span id=\"yui_3_16_0_ym19_1_1461086857107_19960\"><\/span><span id=\"yui_3_16_0_ym19_1_1461086857107_19963\"><strong>Ecatepec de Morelos, Estado de M\u00e9xico.-<\/strong>Para sensibilizar a las familias sobre la importancia del desarrollo integral de las ni\u00f1as, ni\u00f1os y j\u00f3venes, el Gobierno de Ecatepec puso en marcha el programa\u00a0Estrategia Nacional para la Prevenci\u00f3n del Acoso Escolar y otros Tipos de Violencia, desde la Perspectiva Familiar y Comunitaria, mediante el cual personal especializado del Sistema Municipal para el Desarrollo Integral de la Familia (DIF) imparte cursos-talleres enfocados a evitar situaciones de violencia hacia los menores, con los cu\u00e1les se han atendido a m\u00e1s de mil familias.<\/span><\/p>\n<p id=\"yui_3_16_0_ym19_1_1461086857107_19972\" style=\"text-align: justify;\"><span id=\"yui_3_16_0_ym19_1_1461086857107_19971\">Indalecio R\u00edos Vel\u00e1zquez, presidente municipal, inform\u00f3 que\u00a0especialistas del Centro de Atenci\u00f3n Psicol\u00f3gica de Ecatepec (CAPE) imparten estas pl\u00e1ticas a la ciudadan\u00eda con la finalidad de brindarles herramientas para fortalecer\u00a0 los valores universales como el respeto, la libertad, la honestidad, la igualdad y la responsabilidad, entre otros.\u00a0<\/span><\/p>\n<p id=\"yui_3_16_0_ym19_1_1461086857107_19970\" style=\"text-align: justify;\"><span id=\"yui_3_16_0_ym19_1_1461086857107_19969\">\u201cLos psic\u00f3logos y trabajadores sociales acuden a colonias d\u00f3nde -a trav\u00e9s de estudios sociodemogr\u00e1ficos- se han detectado mayores \u00edndices de violencia intrafamiliar como Vista Hermosa, Colinas de Ecatepec, Ciudad Azteca primera secci\u00f3n, Jardines de Morelos en las secciones Lagos y Cerros, con el objetivo de prevenir y atender a qui\u00e9nes viven de manera cotidiana agresiones tanto f\u00edsicas, psicol\u00f3gicas y emocionales.<\/span><\/p>\n<p id=\"yui_3_16_0_ym19_1_1461086857107_19980\" style=\"text-align: justify;\"><span id=\"yui_3_16_0_ym19_1_1461086857107_19979\">T\u00e1bata Rojas Muci\u00f1o, presidenta del DIF local, explic\u00f3 que\u00a0\u00a0el impacto reside principalmente en la protecci\u00f3n y desarrollo de los peque\u00f1os y la sana convivencia dentro de sus n\u00facleos familiares y as\u00ed generar una cultura de\u00a0paz e inhibici\u00f3n de la violencia.\u00a0<\/span><\/p>\n<p id=\"yui_3_16_0_ym19_1_1461086857107_19982\" style=\"text-align: justify;\"><span id=\"yui_3_16_0_ym19_1_1461086857107_19981\">\u00abEs importante para el gobierno municipal procurar el bienestar de los ni\u00f1os y ni\u00f1as de Ecatepec, por lo que todos los d\u00edas salimos a las colonias para llevar a cabo estas pl\u00e1ticas que orientan a los padres sobre c\u00f3mo actuar en caso de presentarse alguna situaci\u00f3n complicada dentro del hogar, es decir, trabajamos para que cada familia tome conciencia sobre la no violencia\u00bb, dijo la titular del DIF.<\/span><\/p>\n<p id=\"yui_3_16_0_ym19_1_1461086857107_19968\" style=\"text-align: justify;\"><span id=\"yui_3_16_0_ym19_1_1461086857107_19967\">Agreg\u00f3 que adem\u00e1s como instituci\u00f3n procura la prevenci\u00f3n del acoso no solo intrafamiliar sino escolar con el que busca fomentar el respeto hacia los dem\u00e1s, por lo que es fundamental que las ni\u00f1as y los ni\u00f1os sepan \u2013desde el hogar- que deben evitar cualquier tipo de burla o agresi\u00f3n.<\/span><\/p>\n<p id=\"yui_3_16_0_ym19_1_1461086857107_19984\" style=\"text-align: justify;\"><span id=\"yui_3_16_0_ym19_1_1461086857107_19983\">Violeta Ortiz Carro, vecina de la colonia Jardines de Morelos, expres\u00f3 que las pl\u00e1ticas impartidas por los especialistas, han sido de apoyo para lograr uni\u00f3n familiar, tolerancia y respeto por quienes est\u00e1n a su alrededor y con ello evitar agresiones verbales o f\u00edsicas.\u00a0<\/span><\/p>\n<p id=\"yui_3_16_0_ym19_1_1461086857107_19986\" style=\"text-align: justify;\"><span id=\"yui_3_16_0_ym19_1_1461086857107_19985\">\u00abEn ocasiones los padres tenemos que resolver diversas situaciones dentro de la casa y en ocasiones al sentirnos frustrados por no resolverlas, lastimamos a quienes son los menos culpables, los hijos, y los psic\u00f3logos nos ense\u00f1an y orientan sobre c\u00f3mo ser tolerantes y capaces de guiar a nuestros peque\u00f1os sin lastimarlos\u00bb, dijo.<\/span><\/p>\n<p id=\"yui_3_16_0_ym19_1_1461086857107_19966\" style=\"text-align: justify;\"><span id=\"yui_3_16_0_ym19_1_1461086857107_19965\">Para fortalecer la atenci\u00f3n, el DIF municipal cuenta con dos Centros de Atenci\u00f3n Psicol\u00f3gica ubicados en las colonias Hogares Mexicanos y Prizo II. La ciudadan\u00eda puede pedir mayor informaci\u00f3n al\u00a05770-6054, de lunes a\u00a0viernes de 09:00 a 18:00\u00a0horas.<\/span><\/p>\n<p style=\"text-align: justify;\"><img loading=\"lazy\" decoding=\"async\" class=\"aligncenter size-large wp-image-489\" src=\"https:\/\/foro1025.mx\/wp-content\/uploads\/2016\/04\/18-04-16-afs-86-1024x612.jpg\" alt=\"18 04 16 afs (86)\" width=\"676\" height=\"404\" \/><\/p>\n","protected":false},"excerpt":{"rendered":"<div class=\"mh-excerpt\"><p>Ecatepec de Morelos, Estado de M\u00e9xico.-Para sensibilizar a las familias sobre la importancia del desarrollo <a class=\"mh-excerpt-more\" href=\"https:\/\/foro1025.mx\/?p=487\" title=\"Previene gobierno de Ecatepec violencia infantil y escolar con talleres y cursos para padres de familia.\">&#8230;<\/a><\/p>\n<\/div>","protected":false},"author":1,"featured_media":0,"comment_status":"open","ping_status":"open","sticky":false,"template":"","format":"standard","meta":{"footnotes":""},"categories":[11],"tags":[],"class_list":{"0":"post-487","1":"post","2":"type-post","3":"status-publish","4":"format-standard","6":"category-ecatepec"},"_links":{"self":[{"href":"https:\/\/foro1025.mx\/index.php?rest_route=\/wp\/v2\/posts\/487","targetHints":{"allow":["GET"]}}],"collection":[{"href":"https:\/\/foro1025.mx\/index.php?rest_route=\/wp\/v2\/posts"}],"about":[{"href":"https:\/\/foro1025.mx\/index.php?rest_route=\/wp\/v2\/types\/post"}],"author":[{"embeddable":true,"href":"https:\/\/foro1025.mx\/index.php?rest_route=\/wp\/v2\/users\/1"}],"replies":[{"embeddable":true,"href":"https:\/\/foro1025.mx\/index.php?rest_route=%2Fwp%2Fv2%2Fcomments&post=487"}],"version-history":[{"count":1,"href":"https:\/\/foro1025.mx\/index.php?rest_route=\/wp\/v2\/posts\/487\/revisions"}],"predecessor-version":[{"id":490,"href":"https:\/\/foro1025.mx\/index.php?rest_route=\/wp\/v2\/posts\/487\/revisions\/490"}],"wp:attachment":[{"href":"https:\/\/foro1025.mx\/index.php?rest_route=%2Fwp%2Fv2%2Fmedia&parent=487"}],"wp:term":[{"taxonomy":"category","embeddable":true,"href":"https:\/\/foro1025.mx\/index.php?rest_route=%2Fwp%2Fv2%2Fcategories&post=487"},{"taxonomy":"post_tag","embeddable":true,"href":"https:\/\/foro1025.mx\/index.php?rest_route=%2Fwp%2Fv2%2Ftags&post=487"}],"curies":[{"name":"wp","href":"https:\/\/api.w.org\/{rel}","templated":true}]}}