{"id":497,"date":"2016-04-19T13:24:48","date_gmt":"2016-04-19T18:24:48","guid":{"rendered":"https:\/\/foro1025.mx\/?p=497"},"modified":"2016-04-19T13:24:48","modified_gmt":"2016-04-19T18:24:48","slug":"resonara-carmina-burana-en-el-palacio-de-bellas-artes","status":"publish","type":"post","link":"https:\/\/foro1025.mx\/?p=497","title":{"rendered":"Resonar\u00e1 Carmina Burana en el Palacio de Bellas Artes."},"content":{"rendered":"<p class=\"p1\" style=\"text-align: justify;\"><strong>Ciudad de M\u00e9xico<\/strong>.- La Orquesta Sinf\u00f3nica Nacional (OSN) ofrecer\u00e1 en su programa de esta semana la versi\u00f3n completa de la cantata \u00abCarmina Burana\u00bb, de Carl Orff, acompa\u00f1ada por la soprano Anabel de la Mora, el tenor V\u00edctor Hern\u00e1ndez y el bar\u00edtono Enrique \u00c1ngeles.<\/p>\n<p class=\"p3\" style=\"text-align: justify;\">Los acompa\u00f1ar\u00e1n el Coro del Teatro de Bellas Artes y la Schola Cantorum de M\u00e9xico, en los recitales del viernes 22 y el domingo 24 en la Sala Principal del Palacio de Bellas Artes, donde estar\u00e1n dirigidos por su titular Carlos Miguel Prieto.<\/p>\n<p class=\"p3\" style=\"text-align: justify;\">El Instituto Nacional de Bellas Artes (INBA) detall\u00f3 que en ambas veladas el programa incluye el Concierto para violonchelo n\u00famero 2, op. 50, de Alberto Ginastera, cuyo centenario de nacimiento tuvo lugar el pasado d\u00eda 11 de abril; a cargo del solista invitado, el espa\u00f1ol Asier Polo, quien es considerado el chelista m\u00e1s destacado de su generaci\u00f3n.<\/p>\n<p class=\"p3\" style=\"text-align: justify;\">Acompa\u00f1ado por su inseparable violonchelo Francesco Ruggieri de 1689, Polo ha colaborado con las principales orquestas espa\u00f1olas e internacionales, bajo la batuta de directores como Rafael Fr\u00fchbeck de Burgos, Claus Peter Flor, Juanjo Mena, Pinchas Steinberg, G\u00fcnther Herbig, Antoni Wit, Anne Manson y Carlos Miguel Prieto.<\/p>\n<p class=\"p3\" style=\"text-align: justify;\">Polo es profesor en el Centro Superior de M\u00fasica del Pa\u00eds Vasco Musikene, director art\u00edstico en la Facultad de M\u00fasica y Artes Esc\u00e9nicas de la Universidad Alfonso X el Sabio y del Forum Musikae de la Academia Internacional de M\u00fasica, e invitado habitual como jurado en concursos nacionales e internacionales de violonchelo. Adem\u00e1s, imparte clases magistrales en diversos pa\u00edses.<\/p>\n<p class=\"p3\" style=\"text-align: justify;\">Respecto a las voces invitadas, el INBA destac\u00f3 que Anabel de la Mora es oriunda de Guadalajara, Jalisco, y fue ganadora de los concursos Nacional de Canto Carlo Morelli 2010 e Iberoamericano de Canto Irma Gonz\u00e1lez 2012; finalista del Internacional de Canto Teatro Col\u00f3n 2012, y semifinalista del International Hans Gabor Belvedere Singing Competition 2014.<\/p>\n<p class=\"p3\" style=\"text-align: justify;\">Se ha presentado con algunas de las principales orquestas de M\u00e9xico y en foros de Alemania, Suiza y Per\u00fa. Recientemente cant\u00f3 en ?El peque\u00f1o pr\u00edncipe?, de Federico Ibarra, producci\u00f3n de la \u00d3pera de Bellas Artes, y en la versi\u00f3n coral de ?Las siete \u00faltimas palabras de Cristo en la cruz?, de Franz Joseph Haydn con la OSN.<\/p>\n<p class=\"p3\" style=\"text-align: justify;\">V\u00edctor Hern\u00e1ndez comenz\u00f3 su carrera a los 13 a\u00f1os de edad. Ha sido dirigido musical y esc\u00e9nicamente por Enrique Patr\u00f3n de Rueda, Lucy Arner, Jes\u00fas Medina, Rodrigo Mac\u00edas, Jos\u00e9 Sol\u00e9, Luis Miguel Lombana, Luis Mart\u00edn Sol\u00eds, Arturo Rodr\u00edguez Torres y Agnese Sartori, entre otros.<\/p>\n<p class=\"p3\" style=\"text-align: justify;\">Tras obtener el primer lugar en el Concurso Francisco Araiza y la beca INBA en el Nacional de Canto Carlo Morelli, fue seleccionado para representar a M\u00e9xico en importantes cert\u00e1menes del mundo, entre ellos la Competizione dell\u00b4Opera y Operalia.<\/p>\n<p class=\"p3\" style=\"text-align: justify;\">Mientras que Enrique \u00c1ngeles estudi\u00f3 en la Escuela Superior de M\u00fasica y en el Conservatorio Nacional de M\u00fasica, en M\u00e9xico, y en el Conservatorio di Musica Francesco Venezze, en Rovigo, Italia.<\/p>\n<p class=\"p3\" style=\"text-align: justify;\">Fue finalista de los concursos \u00d3pera de San Miguel y Nacional de Canto Carlo Morelli, y semifinalista en los cert\u00e1menes europeos Neue Stimmen, la Competizione dell\u00b4Opera e Iris Adami Corradetti. Se ha presentado como solista o al lado de grupos profesionales en Corea del Sur, Espa\u00f1a, Portugal, Italia, Francia y Letonia.<\/p>\n<p class=\"p3\" style=\"text-align: justify;\">Informaci\u00f3n de\u00a0<a href=\"http:\/\/www.notimex.gob.mx\">http:\/\/www.notimex.gob.mx<\/a><\/p>\n<p class=\"p3\" style=\"text-align: justify;\">\n<p class=\"p3\">\n","protected":false},"excerpt":{"rendered":"<div class=\"mh-excerpt\"><p>Ciudad de M\u00e9xico.- La Orquesta Sinf\u00f3nica Nacional (OSN) ofrecer\u00e1 en su programa de esta semana <a class=\"mh-excerpt-more\" href=\"https:\/\/foro1025.mx\/?p=497\" title=\"Resonar\u00e1 Carmina Burana en el Palacio de Bellas Artes.\">&#8230;<\/a><\/p>\n<\/div>","protected":false},"author":1,"featured_media":0,"comment_status":"open","ping_status":"open","sticky":false,"template":"","format":"standard","meta":{"footnotes":""},"categories":[20],"tags":[],"class_list":{"0":"post-497","1":"post","2":"type-post","3":"status-publish","4":"format-standard","6":"category-cultura"},"_links":{"self":[{"href":"https:\/\/foro1025.mx\/index.php?rest_route=\/wp\/v2\/posts\/497","targetHints":{"allow":["GET"]}}],"collection":[{"href":"https:\/\/foro1025.mx\/index.php?rest_route=\/wp\/v2\/posts"}],"about":[{"href":"https:\/\/foro1025.mx\/index.php?rest_route=\/wp\/v2\/types\/post"}],"author":[{"embeddable":true,"href":"https:\/\/foro1025.mx\/index.php?rest_route=\/wp\/v2\/users\/1"}],"replies":[{"embeddable":true,"href":"https:\/\/foro1025.mx\/index.php?rest_route=%2Fwp%2Fv2%2Fcomments&post=497"}],"version-history":[{"count":1,"href":"https:\/\/foro1025.mx\/index.php?rest_route=\/wp\/v2\/posts\/497\/revisions"}],"predecessor-version":[{"id":499,"href":"https:\/\/foro1025.mx\/index.php?rest_route=\/wp\/v2\/posts\/497\/revisions\/499"}],"wp:attachment":[{"href":"https:\/\/foro1025.mx\/index.php?rest_route=%2Fwp%2Fv2%2Fmedia&parent=497"}],"wp:term":[{"taxonomy":"category","embeddable":true,"href":"https:\/\/foro1025.mx\/index.php?rest_route=%2Fwp%2Fv2%2Fcategories&post=497"},{"taxonomy":"post_tag","embeddable":true,"href":"https:\/\/foro1025.mx\/index.php?rest_route=%2Fwp%2Fv2%2Ftags&post=497"}],"curies":[{"name":"wp","href":"https:\/\/api.w.org\/{rel}","templated":true}]}}