{"id":514,"date":"2016-04-19T13:58:07","date_gmt":"2016-04-19T18:58:07","guid":{"rendered":"https:\/\/foro1025.mx\/?p=514"},"modified":"2016-04-19T13:58:07","modified_gmt":"2016-04-19T18:58:07","slug":"detiene-policia-de-ecatepec-a-cinco-probables-responsables-del-delito-de-robo-a-transporte-de-carga","status":"publish","type":"post","link":"https:\/\/foro1025.mx\/?p=514","title":{"rendered":"Detiene polic\u00eda de Ecatepec a cinco probables responsables del delito de robo a transporte de carga"},"content":{"rendered":"<p id=\"yui_3_16_0_ym19_1_1461086857107_27165\" class=\"yiv7944923468MsoNormal\" style=\"text-align: justify;\" align=\"center\"><span id=\"yui_3_16_0_ym19_1_1461086857107_27174\"><span id=\"yui_3_16_0_ym19_1_1461086857107_27173\"><strong>Ecatepec de Morelos, Estado de M\u00e9xico.-<\/strong> Elementos de la Direcci\u00f3n de Seguridad Ciudadana y Vial de Ecatepec detuvieron a una banda integrada por <\/span>\u00a0cinco probables\u00a0responsables del delito de robo a transporte de carga, quienes operaban sobre la carretera Lecher\u00eda-Texcoco y se hac\u00edan pasar por agentes de la Polic\u00eda Federal.<\/span><\/p>\n<p id=\"yui_3_16_0_ym19_1_1461086857107_27179\" class=\"yiv7944923468MsoNormal\" style=\"text-align: justify;\"><span id=\"yui_3_16_0_ym19_1_1461086857107_27178\"><span id=\"yui_3_16_0_ym19_1_1461086857107_27177\">Arturo Centeno Cano, titular de la corporaci\u00f3n, destac\u00f3 que la captura fue resultado de un operativo en coordinaci\u00f3n con las Bases de Operaciones Mixtas (BOM), en el que detectaron que estos sujetos, que viajaban a bordo de dos veh\u00edculos -una camioneta modelo Transport color blanco y un Volkswagen modelo Polo azul,-equipados con luces y sirenas, <\/span>\u00a0se hac\u00edan pasar por polic\u00edas federales para detener a los transportistas y despojarlos de la mercanc\u00eda.<\/span><\/p>\n<p id=\"yui_3_16_0_ym19_1_1461086857107_27183\" class=\"yiv7944923468MsoNormal\" style=\"text-align: justify;\"><span id=\"yui_3_16_0_ym19_1_1461086857107_27182\"><span id=\"yui_3_16_0_ym19_1_1461086857107_27181\">Dio a conocer que el operativo fue implementado derivado de denuncias an\u00f3nimas, por lo que los polic\u00edas ya ten\u00edan conocimiento del <\/span><i>modus operandi<\/i> de esta banda y con ello lograron su desarticulaci\u00f3n.<\/span><\/p>\n<p id=\"yui_3_16_0_ym19_1_1461086857107_27186\" class=\"yiv7944923468MsoNormal\" style=\"text-align: justify;\"><span id=\"yui_3_16_0_ym19_1_1461086857107_27185\">Explic\u00f3 que los probables responsables utilizaban inhibidores de se\u00f1al satelital para que los camiones asaltados no fueron rastreados, por lo que al momento de cometer el il\u00edcito, los conductores no pod\u00edan pedir apoyo a las autoridades para localizar las unidades.<\/span><\/p>\n<p id=\"yui_3_16_0_ym19_1_1461086857107_27187\" class=\"yiv7944923468MsoNormal\" style=\"text-align: justify;\">\u201cPara cometer el il\u00edcito estos sujetos ten\u00edan los inhibidores de se\u00f1al satelital con los que ganaban tiempo para mover las unidades y descargar la mercanc\u00eda en otro lugar, afortunadamente logramos identificar los veh\u00edculos que tra\u00edan c\u00f3digos sin ser oficiales y llevar a cabo la detenci\u00f3n\u201d, dijo el director.<\/p>\n<p id=\"yui_3_16_0_ym19_1_1461086857107_27188\" class=\"yiv7944923468MsoNormal\" style=\"text-align: justify;\">Centeno Cano inform\u00f3 que al realizar un patrullaje sobre la carretera Lecher\u00eda- Texcoco, a la altura del Circuito Exterior Mexiquense, los elementos se percataron que los coches en los que viajaban no ten\u00edan r\u00f3tulos oficiales, por lo que iniciaron la persecuci\u00f3n que termin\u00f3 minutos despu\u00e9s sobre la misma carretera.<\/p>\n<p id=\"yui_3_16_0_ym19_1_1461086857107_27189\" class=\"yiv7944923468MsoNormal\" style=\"text-align: justify;\">Dijo que al realizar la revisi\u00f3n correspondiente, los polic\u00edas encontraron un arma de fuego nueve mil\u00edmetros, dos equipos \u00a0inhibidores de se\u00f1al satelital con ocho antenas, una sirena federal y varios c\u00f3digos rojos y azules.<\/p>\n<p id=\"yui_3_16_0_ym19_1_1461086857107_27191\" class=\"yiv7944923468MsoNormal\" style=\"text-align: justify;\"><span id=\"yui_3_16_0_ym19_1_1461086857107_27190\">El funcionario\u00a0detall\u00f3 que los detenidos fueron identificados como Luis Daniel Rosas Velazco,de 25 a\u0148os, Marco Antonio Contreras,\u00a0 Jovany Mondrag\u00f3n\u00a0 R\u00edos,\u00a0ambos de 29, Daniel Hern\u00e1ndez Mu\u00f1oz,\u00a0de 35, \u00a0y Rodolfo Romo Lugo,\u00a0de 33 a\u00f1os, quienes fueron puestos a disposici\u00f3n \u00a0ante el Ministerio Publico\u00a0 del Centro de Justicia de San Crist\u00f3bal para determinar su situaci\u00f3n jur\u00eddica. Las autoridades iniciaron la carpeta de investigaci\u00f3n 344610730231016.<\/span><\/p>\n<p id=\"yui_3_16_0_ym19_1_1461086857107_27193\" class=\"yiv7944923468MsoNormal\" style=\"text-align: justify;\"><span id=\"yui_3_16_0_ym19_1_1461086857107_27194\">La ciudadan\u00eda puede solicitar el apoyo de la Direcci\u00f3n de Seguridad Ciudadana y Vial a los tel\u00e9fonos 51167428 al 32, al 066 \u00a0para emergencias y al 089 para denuncias an\u00f3nimas.<\/span><\/p>\n<p class=\"yiv7944923468MsoNormal\" style=\"text-align: justify;\">\n","protected":false},"excerpt":{"rendered":"<div class=\"mh-excerpt\"><p>Ecatepec de Morelos, Estado de M\u00e9xico.- Elementos de la Direcci\u00f3n de Seguridad Ciudadana y Vial <a class=\"mh-excerpt-more\" href=\"https:\/\/foro1025.mx\/?p=514\" title=\"Detiene polic\u00eda de Ecatepec a cinco probables responsables del delito de robo a transporte de carga\">&#8230;<\/a><\/p>\n<\/div>","protected":false},"author":1,"featured_media":0,"comment_status":"open","ping_status":"open","sticky":false,"template":"","format":"standard","meta":{"footnotes":""},"categories":[11,9],"tags":[],"class_list":{"0":"post-514","1":"post","2":"type-post","3":"status-publish","4":"format-standard","6":"category-ecatepec","7":"category-seguridad"},"_links":{"self":[{"href":"https:\/\/foro1025.mx\/index.php?rest_route=\/wp\/v2\/posts\/514","targetHints":{"allow":["GET"]}}],"collection":[{"href":"https:\/\/foro1025.mx\/index.php?rest_route=\/wp\/v2\/posts"}],"about":[{"href":"https:\/\/foro1025.mx\/index.php?rest_route=\/wp\/v2\/types\/post"}],"author":[{"embeddable":true,"href":"https:\/\/foro1025.mx\/index.php?rest_route=\/wp\/v2\/users\/1"}],"replies":[{"embeddable":true,"href":"https:\/\/foro1025.mx\/index.php?rest_route=%2Fwp%2Fv2%2Fcomments&post=514"}],"version-history":[{"count":1,"href":"https:\/\/foro1025.mx\/index.php?rest_route=\/wp\/v2\/posts\/514\/revisions"}],"predecessor-version":[{"id":516,"href":"https:\/\/foro1025.mx\/index.php?rest_route=\/wp\/v2\/posts\/514\/revisions\/516"}],"wp:attachment":[{"href":"https:\/\/foro1025.mx\/index.php?rest_route=%2Fwp%2Fv2%2Fmedia&parent=514"}],"wp:term":[{"taxonomy":"category","embeddable":true,"href":"https:\/\/foro1025.mx\/index.php?rest_route=%2Fwp%2Fv2%2Fcategories&post=514"},{"taxonomy":"post_tag","embeddable":true,"href":"https:\/\/foro1025.mx\/index.php?rest_route=%2Fwp%2Fv2%2Ftags&post=514"}],"curies":[{"name":"wp","href":"https:\/\/api.w.org\/{rel}","templated":true}]}}