{"id":545,"date":"2016-04-25T11:00:50","date_gmt":"2016-04-25T16:00:50","guid":{"rendered":"https:\/\/foro1025.mx\/?p=545"},"modified":"2016-04-25T11:00:50","modified_gmt":"2016-04-25T16:00:50","slug":"jorge-olvera-firmo-convenios-de-colaboracion-con-municipios","status":"publish","type":"post","link":"https:\/\/foro1025.mx\/?p=545","title":{"rendered":"Jorge Olvera firm\u00f3 convenios de colaboraci\u00f3n con municipios"},"content":{"rendered":"<p class=\"yiv0406057759msonormal\" style=\"margin: 0cm 0cm 0.0001pt; text-align: justify; background: white;\"><span style=\"font-family: Arial;\">El rector de la Universidad Aut\u00f3noma del Estado de M\u00e9xico, Jorge Olvera Garc\u00eda, sign\u00f3 convenios generales de colaboraci\u00f3n con los ayuntamientos de Amecameca, Atlautla, Ayapango, Chalco, Juchitepec, Tepetlixpa y Tlalmanalco, en el marco del Primer Informe de Actividades del director del Centro Universitario UAEM Amecameca, Ranulfo P\u00e9rez Garc\u00e9s.<\/span><\/p>\n<p class=\"yiv0406057759msonormal\" style=\"margin: 0cm 0cm 0.0001pt; text-align: justify; background: white;\"><span style=\"font-family: Arial;\">En la signa de estos documentos, permitir\u00e1n el intercambio acad\u00e9mico, el desarrollo de proyectos de investigaci\u00f3n y los estudios avanzados, la realizaci\u00f3n de servicio social y pr\u00e1cticas profesionales por parte de estudiantes universitarios, as\u00ed el rector de la UAEM destac\u00f3 el papel para que el Centro Universitario sea referente educativo en la regi\u00f3n.<\/span><\/p>\n<p class=\"yiv0406057759msonormal\" style=\"margin: 0cm 0cm 0.0001pt; text-align: justify; background: white;\"><span style=\"font-family: Arial;\">En tanto, Ranulfo P\u00e9rez Garc\u00e9s inform\u00f3 que este centro universitario es el que cuenta con m\u00e1s alumnos realizando movilidad nacional, detall\u00f3 que se ha impulsado que un mayor n\u00famero de estudiantes lleven a cabo estancias acad\u00e9micas en pa\u00edses como Chile, Argentina, Colombia, Estados Unidos e Irlanda, entre otros.<\/span><\/p>\n","protected":false},"excerpt":{"rendered":"<div class=\"mh-excerpt\"><p>El rector de la Universidad Aut\u00f3noma del Estado de M\u00e9xico, Jorge Olvera Garc\u00eda, sign\u00f3 convenios <a class=\"mh-excerpt-more\" href=\"https:\/\/foro1025.mx\/?p=545\" title=\"Jorge Olvera firm\u00f3 convenios de colaboraci\u00f3n con municipios\">&#8230;<\/a><\/p>\n<\/div>","protected":false},"author":1,"featured_media":0,"comment_status":"open","ping_status":"open","sticky":false,"template":"","format":"standard","meta":{"footnotes":""},"categories":[27],"tags":[],"class_list":{"0":"post-545","1":"post","2":"type-post","3":"status-publish","4":"format-standard","6":"category-uaem"},"_links":{"self":[{"href":"https:\/\/foro1025.mx\/index.php?rest_route=\/wp\/v2\/posts\/545","targetHints":{"allow":["GET"]}}],"collection":[{"href":"https:\/\/foro1025.mx\/index.php?rest_route=\/wp\/v2\/posts"}],"about":[{"href":"https:\/\/foro1025.mx\/index.php?rest_route=\/wp\/v2\/types\/post"}],"author":[{"embeddable":true,"href":"https:\/\/foro1025.mx\/index.php?rest_route=\/wp\/v2\/users\/1"}],"replies":[{"embeddable":true,"href":"https:\/\/foro1025.mx\/index.php?rest_route=%2Fwp%2Fv2%2Fcomments&post=545"}],"version-history":[{"count":1,"href":"https:\/\/foro1025.mx\/index.php?rest_route=\/wp\/v2\/posts\/545\/revisions"}],"predecessor-version":[{"id":547,"href":"https:\/\/foro1025.mx\/index.php?rest_route=\/wp\/v2\/posts\/545\/revisions\/547"}],"wp:attachment":[{"href":"https:\/\/foro1025.mx\/index.php?rest_route=%2Fwp%2Fv2%2Fmedia&parent=545"}],"wp:term":[{"taxonomy":"category","embeddable":true,"href":"https:\/\/foro1025.mx\/index.php?rest_route=%2Fwp%2Fv2%2Fcategories&post=545"},{"taxonomy":"post_tag","embeddable":true,"href":"https:\/\/foro1025.mx\/index.php?rest_route=%2Fwp%2Fv2%2Ftags&post=545"}],"curies":[{"name":"wp","href":"https:\/\/api.w.org\/{rel}","templated":true}]}}