{"id":5489,"date":"2018-12-21T15:46:45","date_gmt":"2018-12-21T21:46:45","guid":{"rendered":"https:\/\/foro1025.mx\/?p=5489"},"modified":"2019-01-02T15:51:19","modified_gmt":"2019-01-02T21:51:19","slug":"convienen-edomex-y-cdmx-estrategias-para-crear-de-una-agenda-ambiental-metropolitana","status":"publish","type":"post","link":"https:\/\/foro1025.mx\/?p=5489","title":{"rendered":"Convienen Edom\u00e9x y CDMX estrategias para crear de una agenda ambiental metropolitana"},"content":{"rendered":"<p class=\"p5\"><i>\u2022 Abordan temas de calidad del aire, residuos s\u00f3lidos, ordenamiento ecol\u00f3gico territorial y protecci\u00f3n forestal.<\/i><\/p>\n<p class=\"p5\"><i>\u2022 Acuerdan trabajar de forma estrat\u00e9gica para obtener soluciones concretas y eficientes en el cuidado del medio ambiente.<\/i><\/p>\n<p class=\"p5\"><b>Tlalnepantla, Estado de M\u00e9xico.-<\/b>En el marco de la coordinaci\u00f3n metropolitana entre la Ciudad de M\u00e9xico y el Estado de M\u00e9xico, Marina Robles Garc\u00eda y Jorge Rescala P\u00e9rez, Secretarios del Medio Ambiente de las citadas entidades, respectivamente, encabezaron la mesa de trabajo especializada en materia medioambiental, donde abordaron temas de calidad del aire, residuos s\u00f3lidos, ordenamiento ecol\u00f3gico territorial y protecci\u00f3n forestal.<\/p>\n<p class=\"p5\">Durante la reuni\u00f3n recogieron los comentarios de los retos ambientales metropolitanos que enfrentan los habitantes de la zona del Valle de M\u00e9xico, asimismo, los representantes de ambos gobiernos acordaron trabajar de forma estrat\u00e9gica en acciones conjuntas para obtener el mejor diagn\u00f3stico que permita aprovechar las energ\u00edas institucionales y obtener soluciones concretas y eficientes en el cuidado del medio ambiente.<\/p>\n<p class=\"p5\">En su intervenci\u00f3n, Robles Garc\u00eda habl\u00f3 sobre la convocatoria a la ciudadan\u00eda y a los diversos sectores para incluirlos y trabajar de manera coordinada, para sumar los planteamientos y dar soluciones conjuntas del problema compartido.<\/p>\n<p class=\"p5\">Abanderar el tema de la calidad del aire e impulsar el ordenamiento ecol\u00f3gico territorial ser\u00e1 una oportunidad de entrelazar esfuerzos de las Secretar\u00edas.<\/p>\n<p class=\"p5\">\u201cEl punto est\u00e1 en qu\u00e9 nos implica que verdaderamente lleguemos a est\u00e1ndares internacionales que nos permitan estar a un nivel donde la Organizaci\u00f3n Mundial de la Salud (OMS) reconozca que nuestra regi\u00f3n es saludable para la vida, creo que ese debe ser nuestro prop\u00f3sito en este sentido\u201d, puntualiz\u00f3.<\/p>\n<p class=\"p5\">Por su parte, Rescala P\u00e9rez refiri\u00f3 que \u201cconsideramos oportuno valorar la creaci\u00f3n de una Comisi\u00f3n Ambiental de la Zona Metropolitana del Valle de M\u00e9xico que, como espacio de interacci\u00f3n, nos permita hacia adelante abordar los retos que en la materia nos son comunes\u201d.<\/p>\n<p class=\"p5\">En materia de calidad del aire el Estado de M\u00e9xico est\u00e1 atento para cruzar con la CDMX los resultados de un estudio realizado por el Instituto Nacional de Ecolog\u00eda y Cambio Clim\u00e1tico para la ubicaci\u00f3n t\u00e9cnicamente correcta de nuevas estaciones.<\/p>\n<p class=\"p5\">Como resultado de la reuni\u00f3n, se emitieron 15 puntos de acuerdo, dentro de los que destacan el establecimiento de una agenda y programa de temas metropolitanos para la atenci\u00f3n de residuos s\u00f3lidos, calidad del aire, ordenamiento ecol\u00f3gico y territorial de la ZMVM y protecci\u00f3n forestal.<\/p>\n<p class=\"p5\">Adem\u00e1s de movilidad sustentable, creaci\u00f3n de redes ecol\u00f3gicas para el manejo de condiciones de polinizaci\u00f3n y la biodiversidad, entre otros.<\/p>\n<p class=\"p5\">A la reuni\u00f3n asistieron los enlaces de ambos gobiernos, para el desarrollo de estas mesas de trabajos de la coordinaci\u00f3n metropolitana, Pablo Bas\u00e1\u00f1ez Garc\u00eda, Subsecretario de Desarrollo Metropolitano del Edom\u00e9x, as\u00ed como directores de \u00e1rea del Estado de M\u00e9xico y de la Ciudad de M\u00e9xico.<\/p>\n","protected":false},"excerpt":{"rendered":"<div class=\"mh-excerpt\"><p>\u2022 Abordan temas de calidad del aire, residuos s\u00f3lidos, ordenamiento ecol\u00f3gico territorial y protecci\u00f3n forestal. <a class=\"mh-excerpt-more\" href=\"https:\/\/foro1025.mx\/?p=5489\" title=\"Convienen Edom\u00e9x y CDMX estrategias para crear de una agenda ambiental metropolitana\">&#8230;<\/a><\/p>\n<\/div>","protected":false},"author":1,"featured_media":0,"comment_status":"closed","ping_status":"closed","sticky":false,"template":"","format":"standard","meta":{"footnotes":""},"categories":[23,13,16],"tags":[],"class_list":{"0":"post-5489","1":"post","2":"type-post","3":"status-publish","4":"format-standard","6":"category-ciudad-de-mexico","7":"category-estado-de-mexico","8":"category-tlalnepantla"},"_links":{"self":[{"href":"https:\/\/foro1025.mx\/index.php?rest_route=\/wp\/v2\/posts\/5489","targetHints":{"allow":["GET"]}}],"collection":[{"href":"https:\/\/foro1025.mx\/index.php?rest_route=\/wp\/v2\/posts"}],"about":[{"href":"https:\/\/foro1025.mx\/index.php?rest_route=\/wp\/v2\/types\/post"}],"author":[{"embeddable":true,"href":"https:\/\/foro1025.mx\/index.php?rest_route=\/wp\/v2\/users\/1"}],"replies":[{"embeddable":true,"href":"https:\/\/foro1025.mx\/index.php?rest_route=%2Fwp%2Fv2%2Fcomments&post=5489"}],"version-history":[{"count":1,"href":"https:\/\/foro1025.mx\/index.php?rest_route=\/wp\/v2\/posts\/5489\/revisions"}],"predecessor-version":[{"id":5491,"href":"https:\/\/foro1025.mx\/index.php?rest_route=\/wp\/v2\/posts\/5489\/revisions\/5491"}],"wp:attachment":[{"href":"https:\/\/foro1025.mx\/index.php?rest_route=%2Fwp%2Fv2%2Fmedia&parent=5489"}],"wp:term":[{"taxonomy":"category","embeddable":true,"href":"https:\/\/foro1025.mx\/index.php?rest_route=%2Fwp%2Fv2%2Fcategories&post=5489"},{"taxonomy":"post_tag","embeddable":true,"href":"https:\/\/foro1025.mx\/index.php?rest_route=%2Fwp%2Fv2%2Ftags&post=5489"}],"curies":[{"name":"wp","href":"https:\/\/api.w.org\/{rel}","templated":true}]}}