{"id":561,"date":"2016-04-26T10:56:14","date_gmt":"2016-04-26T15:56:14","guid":{"rendered":"https:\/\/foro1025.mx\/?p=561"},"modified":"2016-04-26T10:56:14","modified_gmt":"2016-04-26T15:56:14","slug":"denisse-ugalde-inaugura-la-2a-feria-de-activacion-fisica","status":"publish","type":"post","link":"https:\/\/foro1025.mx\/?p=561","title":{"rendered":"Denisse Ugalde inaugura la 2\u00aa Feria de Activaci\u00f3n F\u00edsica"},"content":{"rendered":"<p style=\"text-align: justify;\"><strong>Tlalnepantla, M\u00e9xico.-<\/strong> Con la inauguraci\u00f3n del Centro de Capacitaci\u00f3n del Deporte, en el marco de la 2\u00aa Feria de Activaci\u00f3n F\u00edsica \u201cRescatando Espacios\u201d, efectuada en el Deportivo Tlalnepantla, la alcaldesa Denisse Ugalde Alegr\u00eda, destac\u00f3 que al consolidar proyectos como el Centro de Capacitaci\u00f3n en el que se ofrecer\u00e1n licenciaturas, maestr\u00edas y doctorados, con el objetivo de contar con m\u00e1s profesionales del deporte.<\/p>\n<p style=\"text-align: justify;\">En esta Feria de Activaci\u00f3n en la que estuvo acompa\u00f1ada por el director del Instituto Municipal del Deporte, Javier Garc\u00eda Winder, integrantes del cuerpo edilicio y funcionarios de la administraci\u00f3n, la alcaldesa tambi\u00e9n inaugur\u00f3 el Gimnasio de Musculaci\u00f3n y entreg\u00f3 los trabajos realizados en el \u00e1rea de la tercera edad, lugar que en el que los adultos mayores podr\u00e1n desempe\u00f1ar diversas actividades.<\/p>\n<p style=\"text-align: justify;\"><img loading=\"lazy\" decoding=\"async\" class=\"wp-image-563 alignleft\" src=\"https:\/\/foro1025.mx\/wp-content\/uploads\/2016\/04\/Feria-de-activacion-f\u00a1sica-3-1024x664.jpg\" alt=\"Feria de activacion f+\u00a1sica (3)\" width=\"441\" height=\"286\" \/>As\u00ed tambi\u00e9n, presenci\u00f3 las exhibiciones de f\u00fatbol americano, tenis y nado sincronizado, disciplinas que se imparten en este deportivo; Denisse Ugalde constat\u00f3 la rehabilitaci\u00f3n del Teatro del Castillo, ubicado en el interior del deportivo, espacio en el que se promover\u00e1n actividades culturales para toda la familia.<\/p>\n<p style=\"text-align: justify;\">Inform\u00f3 que en estos meses se han visitado de manera itinerante 13 parques y 51 escuelas con el programa de activaci\u00f3n f\u00edsica y reiter\u00f3 su compromiso para continuar impulsando acciones encaminadas a erradicar el sedentarismo y la obesidad.<\/p>\n<p style=\"text-align: justify;\">\n","protected":false},"excerpt":{"rendered":"<div class=\"mh-excerpt\"><p>Tlalnepantla, M\u00e9xico.- Con la inauguraci\u00f3n del Centro de Capacitaci\u00f3n del Deporte, en el marco de <a class=\"mh-excerpt-more\" href=\"https:\/\/foro1025.mx\/?p=561\" title=\"Denisse Ugalde inaugura la 2\u00aa Feria de Activaci\u00f3n F\u00edsica\">&#8230;<\/a><\/p>\n<\/div>","protected":false},"author":1,"featured_media":0,"comment_status":"open","ping_status":"open","sticky":false,"template":"","format":"standard","meta":{"footnotes":""},"categories":[16],"tags":[],"class_list":{"0":"post-561","1":"post","2":"type-post","3":"status-publish","4":"format-standard","6":"category-tlalnepantla"},"_links":{"self":[{"href":"https:\/\/foro1025.mx\/index.php?rest_route=\/wp\/v2\/posts\/561","targetHints":{"allow":["GET"]}}],"collection":[{"href":"https:\/\/foro1025.mx\/index.php?rest_route=\/wp\/v2\/posts"}],"about":[{"href":"https:\/\/foro1025.mx\/index.php?rest_route=\/wp\/v2\/types\/post"}],"author":[{"embeddable":true,"href":"https:\/\/foro1025.mx\/index.php?rest_route=\/wp\/v2\/users\/1"}],"replies":[{"embeddable":true,"href":"https:\/\/foro1025.mx\/index.php?rest_route=%2Fwp%2Fv2%2Fcomments&post=561"}],"version-history":[{"count":1,"href":"https:\/\/foro1025.mx\/index.php?rest_route=\/wp\/v2\/posts\/561\/revisions"}],"predecessor-version":[{"id":565,"href":"https:\/\/foro1025.mx\/index.php?rest_route=\/wp\/v2\/posts\/561\/revisions\/565"}],"wp:attachment":[{"href":"https:\/\/foro1025.mx\/index.php?rest_route=%2Fwp%2Fv2%2Fmedia&parent=561"}],"wp:term":[{"taxonomy":"category","embeddable":true,"href":"https:\/\/foro1025.mx\/index.php?rest_route=%2Fwp%2Fv2%2Fcategories&post=561"},{"taxonomy":"post_tag","embeddable":true,"href":"https:\/\/foro1025.mx\/index.php?rest_route=%2Fwp%2Fv2%2Ftags&post=561"}],"curies":[{"name":"wp","href":"https:\/\/api.w.org\/{rel}","templated":true}]}}