{"id":5650,"date":"2019-01-09T14:53:07","date_gmt":"2019-01-09T20:53:07","guid":{"rendered":"https:\/\/foro1025.mx\/?p=5650"},"modified":"2019-01-09T14:53:07","modified_gmt":"2019-01-09T20:53:07","slug":"cerco-virtual-de-los-c5-cdmx-y-edomex-derivo-en-aprehension-de-probables-responsables-de-asalto-a-tienda-departamental","status":"publish","type":"post","link":"https:\/\/foro1025.mx\/?p=5650","title":{"rendered":"Cerco virtual de los c5 CDMX y Edom\u00e9x deriv\u00f3 en aprehensi\u00f3n de probables responsables de asalto a tienda departamental"},"content":{"rendered":"<ul>\n<li><i>Acci\u00f3n coordinada de las c\u00e1maras de videovigilancia permitieron desplegar una contenci\u00f3n virtual y la captura de seis personas, por parte de la Polic\u00eda Municipal<\/i><\/li>\n<li class=\"p4\"><i>Recuperan mercanc\u00eda sustra\u00edda, c\u00f3mo celulares y joyas diversas<\/i><\/li>\n<\/ul>\n<p class=\"p4\"><b>Nezahualc\u00f3yotl, Estado de M\u00e9xico.-<\/b>En el marco de los Acuerdos de Coordinaci\u00f3n entre los gobiernos del Estado de M\u00e9xico y Ciudad de M\u00e9xico, y derivado de una acci\u00f3n conjunta por polic\u00edas mexiquenses y capitalinos, se logr\u00f3 la captura de seis probables responsables, entre ellos dos menores de edad, del robo a una joyer\u00eda de una tienda departamental ubicada en la alcald\u00eda de Iztapalapa.<\/p>\n<p class=\"p4\">Un reporte oportuno emitido por el Centro de Control, Comando, Comunicaci\u00f3n, C\u00f3mputo y Calidad (C5) de la Ciudad de M\u00e9xico alert\u00f3 a las corporaciones policiacas de un asalto en proceso ocurrido en un establecimiento localizado en Calzada Ignacio Zaragoza, casi esquina con Calle 5, colonia Agr\u00edcola Pantitl\u00e1n.<\/p>\n<p class=\"p4\">Las c\u00e1maras de video vigilancia<span class=\"Apple-converted-space\">\u00a0 <\/span>hicieron un seguimiento en tiempo real de los probables responsables desde el momento en que cometieron el il\u00edcito, los cuales viajaban a bordo de un autom\u00f3vil Chrysler, tipo Stratus, de color negro con matr\u00edcula del Estado de M\u00e9xico, en el que pretend\u00edan escapar en direcci\u00f3n a Nezahualc\u00f3yotl.<\/p>\n<p class=\"p4\">Personal del Centro de Control realiz\u00f3 un cerco virtual y dirigi\u00f3 a los polic\u00edas mexiquenses, de la capital y locales en todo momento, y los alcanzaron a la altura de las calles Lindavista y Mart\u00edn Carrera, en la colonia Vicente Villada.<\/p>\n<p class=\"p4\">Mediante comandos de voz, los uniformados pidieron a los tripulantes que descendieran de la unidad. A pesar de estar rodeados, los imputados amagaron a los elementos con accionar armas de fuego, por lo que los efectivos policiacos respondieron e hirieron a uno de ellos, el cual fue trasladado, en calidad de detenido al Hospital La Perla para su atenci\u00f3n m\u00e9dica.<\/p>\n<p class=\"p4\">Tras someter al resto de los tripulantes, los uniformados realizaron una inspecci\u00f3n al auto y encontraron arma corta calibre .38 abastecida con seis cartuchos \u00fatiles; tres mazos que habr\u00edan ocupado para efectuar el robo, y dos mochilas en cuyo interior hab\u00eda aparatos de telefon\u00eda celular y joyer\u00eda.<\/p>\n<p class=\"p4\">Los detenidos responden a los nombres de Diego Armando \u201cN\u201d, de 24 a\u00f1os de edad; Aldo Rodrigo \u201cN\u201d, de 23 a\u00f1os; Axel Jair \u201cN\u201d, de 18 a\u00f1os; Miguel \u00c1ngel \u201cN\u201d, de 21 a\u00f1os, as\u00ed como dos menores de edad de 17 a\u00f1os.<\/p>\n<p class=\"p4\">Los imputados fueron trasladados de inmediato a la Agencia del Ministerio P\u00fablico de Neza Palacio por su probable responsabilidad en el delito de robo con violencia a petici\u00f3n del apoderado legal del negocio afectado.<\/p>\n<p class=\"p4\">La Secretar\u00eda de Seguridad le recuerda que los tel\u00e9fonos de Denuncia An\u00f3nima 0-8-9 y de emergencia 9-1-1 trabajan las 24 horas del d\u00eda; tambi\u00e9n puede contactarnos a trav\u00e9s de nuestras redes sociales: Facebook @SS.Edomex, y en Twitter @ SS_Edomex<\/p>\n","protected":false},"excerpt":{"rendered":"<div class=\"mh-excerpt\"><p>Acci\u00f3n coordinada de las c\u00e1maras de videovigilancia permitieron desplegar una contenci\u00f3n virtual y la captura <a class=\"mh-excerpt-more\" href=\"https:\/\/foro1025.mx\/?p=5650\" title=\"Cerco virtual de los c5 CDMX y Edom\u00e9x deriv\u00f3 en aprehensi\u00f3n de probables responsables de asalto a tienda departamental\">&#8230;<\/a><\/p>\n<\/div>","protected":false},"author":1,"featured_media":0,"comment_status":"closed","ping_status":"closed","sticky":false,"template":"","format":"standard","meta":{"footnotes":""},"categories":[13,9,24],"tags":[],"class_list":{"0":"post-5650","1":"post","2":"type-post","3":"status-publish","4":"format-standard","6":"category-estado-de-mexico","7":"category-seguridad","8":"category-viral"},"_links":{"self":[{"href":"https:\/\/foro1025.mx\/index.php?rest_route=\/wp\/v2\/posts\/5650","targetHints":{"allow":["GET"]}}],"collection":[{"href":"https:\/\/foro1025.mx\/index.php?rest_route=\/wp\/v2\/posts"}],"about":[{"href":"https:\/\/foro1025.mx\/index.php?rest_route=\/wp\/v2\/types\/post"}],"author":[{"embeddable":true,"href":"https:\/\/foro1025.mx\/index.php?rest_route=\/wp\/v2\/users\/1"}],"replies":[{"embeddable":true,"href":"https:\/\/foro1025.mx\/index.php?rest_route=%2Fwp%2Fv2%2Fcomments&post=5650"}],"version-history":[{"count":1,"href":"https:\/\/foro1025.mx\/index.php?rest_route=\/wp\/v2\/posts\/5650\/revisions"}],"predecessor-version":[{"id":5652,"href":"https:\/\/foro1025.mx\/index.php?rest_route=\/wp\/v2\/posts\/5650\/revisions\/5652"}],"wp:attachment":[{"href":"https:\/\/foro1025.mx\/index.php?rest_route=%2Fwp%2Fv2%2Fmedia&parent=5650"}],"wp:term":[{"taxonomy":"category","embeddable":true,"href":"https:\/\/foro1025.mx\/index.php?rest_route=%2Fwp%2Fv2%2Fcategories&post=5650"},{"taxonomy":"post_tag","embeddable":true,"href":"https:\/\/foro1025.mx\/index.php?rest_route=%2Fwp%2Fv2%2Ftags&post=5650"}],"curies":[{"name":"wp","href":"https:\/\/api.w.org\/{rel}","templated":true}]}}