{"id":567,"date":"2016-04-26T11:13:17","date_gmt":"2016-04-26T16:13:17","guid":{"rendered":"https:\/\/foro1025.mx\/?p=567"},"modified":"2016-04-26T11:13:17","modified_gmt":"2016-04-26T16:13:17","slug":"pri-tomo-protesta-al-comite-municipal-en-ecatepec","status":"publish","type":"post","link":"https:\/\/foro1025.mx\/?p=567","title":{"rendered":"PRI tom\u00f3 protesta al Comit\u00e9 Municipal en Ecatepec"},"content":{"rendered":"<p style=\"text-align: justify;\">\u201cCon el impulso de valores, la militancia pri\u00edsta construye ciudadan\u00eda y defiende las causas sociales, y basado en el trabajo en equipo, el PRI es la caja de resonancia de las acciones y resultados de los gobiernos surgidos del Revolucionario Institucional\u201d, refiri\u00f3 el presidente del instituto Carlos Iriarte Mercado.<img loading=\"lazy\" decoding=\"async\" class=\"wp-image-569 alignright\" src=\"https:\/\/foro1025.mx\/wp-content\/uploads\/2016\/04\/DSC_0430-1024x681.jpg\" alt=\"DSC_0430\" width=\"306\" height=\"204\" \/><\/p>\n<p style=\"text-align: justify;\">Luego de tomar protesta a Guillermo Fragoso Santana y Columba Guadalupe Villalvazo Flores, como presidente y Secretaria General sustitutos del Comit\u00e9 Municipal del tricolor para concluir el periodo estatutario 2013-2016. En presencia del delegado general del CEN del PRI en el Estado de M\u00e9xico, Humberto Lepe Lepe.<\/p>\n<p style=\"text-align: justify;\">Por su parte, Guillermo Fragoso Santana expres\u00f3 que ser pri\u00edsta significa una gran responsabilidad, pues hist\u00f3ricamente el Revolucionario Institucional ha sido el partido que representa el impulso para la democracia y la justicia social.<img loading=\"lazy\" decoding=\"async\" class=\" wp-image-568 alignleft\" src=\"https:\/\/foro1025.mx\/wp-content\/uploads\/2016\/04\/DSC_0057-1024x681.jpg\" alt=\"DSC_0057\" width=\"407\" height=\"271\" \/><\/p>\n<p>&nbsp;<\/p>\n","protected":false},"excerpt":{"rendered":"<div class=\"mh-excerpt\"><p>\u201cCon el impulso de valores, la militancia pri\u00edsta construye ciudadan\u00eda y defiende las causas sociales, <a class=\"mh-excerpt-more\" href=\"https:\/\/foro1025.mx\/?p=567\" title=\"PRI tom\u00f3 protesta al Comit\u00e9 Municipal en Ecatepec\">&#8230;<\/a><\/p>\n<\/div>","protected":false},"author":1,"featured_media":0,"comment_status":"open","ping_status":"open","sticky":false,"template":"","format":"standard","meta":{"footnotes":""},"categories":[1],"tags":[],"class_list":{"0":"post-567","1":"post","2":"type-post","3":"status-publish","4":"format-standard","6":"category-atizapan"},"_links":{"self":[{"href":"https:\/\/foro1025.mx\/index.php?rest_route=\/wp\/v2\/posts\/567","targetHints":{"allow":["GET"]}}],"collection":[{"href":"https:\/\/foro1025.mx\/index.php?rest_route=\/wp\/v2\/posts"}],"about":[{"href":"https:\/\/foro1025.mx\/index.php?rest_route=\/wp\/v2\/types\/post"}],"author":[{"embeddable":true,"href":"https:\/\/foro1025.mx\/index.php?rest_route=\/wp\/v2\/users\/1"}],"replies":[{"embeddable":true,"href":"https:\/\/foro1025.mx\/index.php?rest_route=%2Fwp%2Fv2%2Fcomments&post=567"}],"version-history":[{"count":1,"href":"https:\/\/foro1025.mx\/index.php?rest_route=\/wp\/v2\/posts\/567\/revisions"}],"predecessor-version":[{"id":571,"href":"https:\/\/foro1025.mx\/index.php?rest_route=\/wp\/v2\/posts\/567\/revisions\/571"}],"wp:attachment":[{"href":"https:\/\/foro1025.mx\/index.php?rest_route=%2Fwp%2Fv2%2Fmedia&parent=567"}],"wp:term":[{"taxonomy":"category","embeddable":true,"href":"https:\/\/foro1025.mx\/index.php?rest_route=%2Fwp%2Fv2%2Fcategories&post=567"},{"taxonomy":"post_tag","embeddable":true,"href":"https:\/\/foro1025.mx\/index.php?rest_route=%2Fwp%2Fv2%2Ftags&post=567"}],"curies":[{"name":"wp","href":"https:\/\/api.w.org\/{rel}","templated":true}]}}