{"id":5876,"date":"2019-01-15T14:04:02","date_gmt":"2019-01-15T20:04:02","guid":{"rendered":"https:\/\/foro1025.mx\/?p=5876"},"modified":"2019-01-15T14:04:08","modified_gmt":"2019-01-15T20:04:08","slug":"son-tiempos-de-colaboracion-entre-los-diferente-niveles-de-gobierno-a-favor-de-los-familias","status":"publish","type":"post","link":"https:\/\/foro1025.mx\/?p=5876","title":{"rendered":"Son tiempos de colaboraci\u00f3n entre los diferente niveles de gobierno a favor de los familias"},"content":{"rendered":"<p class=\"p5\"><i>\u2022 Es inter\u00e9s primordial del Gobernador Alfredo Del Mazo Maza trabajar en coparticipaci\u00f3n con las autoridades federales y municipales.<\/i><\/p>\n<p class=\"p5\"><i>\u2022 Encabeza Secretario de Desarrollo Social evento regional de inicio de a\u00f1o 2019, en Tec\u00e1mac.<\/i><\/p>\n<p class=\"p5\"><i>\u2022 Continuar\u00e1n todos los programas sociales en el Edom\u00e9x, acorde a lo estipulado por el mandatario estatal, se\u00f1al\u00f3 Eric Sevilla.<\/i><\/p>\n<p class=\"p5\"><b>Tec\u00e1mac, Estado de M\u00e9xico.-<\/b>Son tiempos de trabajo, en los cuales, lo m\u00e1s importante son las familias, por ello, se deben sumar esfuerzos a favor de la gente, afirm\u00f3 el Secretario de Desarrollo Social, Eric Sevilla Montes de Oca, al encabezar el evento regional de inicio de a\u00f1o 2019 en Tec\u00e1mac.<\/p>\n<p class=\"p5\">Acompa\u00f1ado por Mar\u00eda Isabel Mu\u00f1oz, Presidenta Honoraria del Sistema para el Desarrollo Integral de la Familia de Tec\u00e1mac, el funcionario estatal expres\u00f3 que es inter\u00e9s primordial del Gobernador Alfredo Del Mazo Maza trabajar en coparticipaci\u00f3n con las autoridades federales y municipales, en virtud de que el eje central son las familias y su bienestar.<\/p>\n<p class=\"p5\">\u201cEl mandatario estatal me pidi\u00f3 les informe que seguiremos con todos los programas de pol\u00edtica social que tenemos en el Estado de M\u00e9xico. Habr\u00e1 becas para los ni\u00f1os, trabajo para los j\u00f3venes y vamos a colaborar en forma coordinada con las autoridades federales en torno a los programas enfocados a los adultos mayores, para pensi\u00f3n universal\u201d, expres\u00f3.<\/p>\n<p class=\"p5\">\u201cVamos a vincularnos y trabajar tambi\u00e9n con el programa del Gobierno Federal puesto en marcha en el Estado de M\u00e9xico, que es el de las becas para los j\u00f3venes, el cual arranc\u00f3 en d\u00edas pasados en el municipio de Tlalnepantla\u201d, afirm\u00f3 luego de entregar obsequios a las ni\u00f1as y ni\u00f1os del municipio de Tec\u00e1mac.<\/p>\n<p class=\"p5\">Adicionalmente, coment\u00f3 a las mam\u00e1s presentes en este evento, que por indicaciones del jefe del Ejecutivo estatal, es importante recordar que los programas, cuyo centro de atenci\u00f3n son las familias y dentro de \u00e9stas, las mujeres, van a seguir este a\u00f1o.<\/p>\n<p class=\"p5\">En estese sentido, se\u00f1al\u00f3 que continuar\u00e1 el programa Salario rosa, el cual est\u00e1 enfocado hacia la poblaci\u00f3n femenina en condici\u00f3n de pobreza extrema.<\/p>\n<p class=\"p5\">El inter\u00e9s primordial del mandatario estatal, dijo, es trabajar muy duro, seguir sumando, para restituir el tejido social en el Estado de M\u00e9xico y que las mujeres, al ser el eje, constituyan familias fuertes por ser \u00e9stas el n\u00facleo de la sociedad y, por ende, el de mayor atenci\u00f3n para el Gobierno estatal.<\/p>\n<p class=\"p8\">\n","protected":false},"excerpt":{"rendered":"<div class=\"mh-excerpt\"><p>\u2022 Es inter\u00e9s primordial del Gobernador Alfredo Del Mazo Maza trabajar en coparticipaci\u00f3n con las <a class=\"mh-excerpt-more\" href=\"https:\/\/foro1025.mx\/?p=5876\" title=\"Son tiempos de colaboraci\u00f3n entre los diferente niveles de gobierno a favor de los familias\">&#8230;<\/a><\/p>\n<\/div>","protected":false},"author":1,"featured_media":0,"comment_status":"closed","ping_status":"closed","sticky":false,"template":"","format":"standard","meta":{"footnotes":""},"categories":[13],"tags":[],"class_list":{"0":"post-5876","1":"post","2":"type-post","3":"status-publish","4":"format-standard","6":"category-estado-de-mexico"},"_links":{"self":[{"href":"https:\/\/foro1025.mx\/index.php?rest_route=\/wp\/v2\/posts\/5876","targetHints":{"allow":["GET"]}}],"collection":[{"href":"https:\/\/foro1025.mx\/index.php?rest_route=\/wp\/v2\/posts"}],"about":[{"href":"https:\/\/foro1025.mx\/index.php?rest_route=\/wp\/v2\/types\/post"}],"author":[{"embeddable":true,"href":"https:\/\/foro1025.mx\/index.php?rest_route=\/wp\/v2\/users\/1"}],"replies":[{"embeddable":true,"href":"https:\/\/foro1025.mx\/index.php?rest_route=%2Fwp%2Fv2%2Fcomments&post=5876"}],"version-history":[{"count":2,"href":"https:\/\/foro1025.mx\/index.php?rest_route=\/wp\/v2\/posts\/5876\/revisions"}],"predecessor-version":[{"id":5879,"href":"https:\/\/foro1025.mx\/index.php?rest_route=\/wp\/v2\/posts\/5876\/revisions\/5879"}],"wp:attachment":[{"href":"https:\/\/foro1025.mx\/index.php?rest_route=%2Fwp%2Fv2%2Fmedia&parent=5876"}],"wp:term":[{"taxonomy":"category","embeddable":true,"href":"https:\/\/foro1025.mx\/index.php?rest_route=%2Fwp%2Fv2%2Fcategories&post=5876"},{"taxonomy":"post_tag","embeddable":true,"href":"https:\/\/foro1025.mx\/index.php?rest_route=%2Fwp%2Fv2%2Ftags&post=5876"}],"curies":[{"name":"wp","href":"https:\/\/api.w.org\/{rel}","templated":true}]}}