{"id":5913,"date":"2019-01-16T12:46:01","date_gmt":"2019-01-16T18:46:01","guid":{"rendered":"https:\/\/foro1025.mx\/?p=5913"},"modified":"2019-01-16T13:02:55","modified_gmt":"2019-01-16T19:02:55","slug":"evalua-jurado-calificador-avances-de-la-presea-estado-de-mexico-a-la-defensa-de-los-derechos-humanos-jose-maria-morelos-y-pavon","status":"publish","type":"post","link":"https:\/\/foro1025.mx\/?p=5913","title":{"rendered":"Eval\u00faa jurado calificador avances de la presea Estado de M\u00e9xico a la Defensa de los Derechos Humanos \u201cJos\u00e9 Mar\u00eda Morelos y Pav\u00f3n\u201d"},"content":{"rendered":"<p class=\"p4\"><i>\u2022 Define jurador calificador criterios de evaluaci\u00f3n.<\/i><\/p>\n<p class=\"p4\"><i>\u2022 Llegan 93 registros y 25 en proceso hasta el momento.<\/i><\/p>\n<p class=\"p4\"><i>\u2022 Participan Instituciones de Asistencia Privada, Asociaciones Civiles y Personas F\u00edsicas. <\/i><\/p>\n<p class=\"p4\"><b>Toluca, Estado de M\u00e9xico.-<\/b>El jurado calificador de la Presea Estado de M\u00e9xico a la Defensa de los Derechos Humanos \u201cJos\u00e9 Mar\u00eda Morelos y Pav\u00f3n\u201d, que encabeza el Secretario de Desarrollo Social, Eric Sevilla Montes de Oca, invita a la sociedad en general a participar con el registro de candidatos, que cumplan con los requisitos, a ser aspirantes para obtener esta distinci\u00f3n.<\/p>\n<p class=\"p4\">Acorde a lo estipulado por el Consejo de Premiaci\u00f3n, el candidato acreedor a este galard\u00f3n deber\u00e1 cumplir los siguientes criterios: tipo de actividad que se realiza en defensa de los derechos humanos, ya sea de alimentaci\u00f3n, salud, trabajo, no discriminaci\u00f3n, vivienda, educaci\u00f3n o medio ambiente, y el \u00e1mbito de acci\u00f3n de car\u00e1cter geogr\u00e1fico, ya sea regional, estatal o municipal.<\/p>\n<p class=\"p4\">Asimismo, se valorar\u00e1n las acciones relevantes para la defensa de los derechos humanos y el mejoramiento de la calidad de vida, el impacto que se ha tenido y el n\u00famero de personas beneficiadas.<\/p>\n<p class=\"p4\">En el marco de la segunda sesi\u00f3n para determinar los criterios a evaluar y darle seguimiento al registro de los candidatos obtenidos hasta este momento se inform\u00f3 que se tienen 93 propuestas de aspirantes registrados y 25 en proceso.<\/p>\n<p class=\"p4\">De ellas, 69 pertenecen a Instituciones de Asistencia Privada (IAP), 10 de Asociaciones Civiles y 39 a personas f\u00edsicas.<\/p>\n<p class=\"p4\">Las instancias a participar son la Comisi\u00f3n de Derechos Humanos (Codhem), el Sistema para el Desarrollo Integral de la Familia del Estado de M\u00e9xico (DIFEM), la Junta de Asistencia Privada del Estado de M\u00e9xico (JAPEM), el Consejo Estatal para el Desarrollo Integral de los Pueblos Ind\u00edgenas (CEDIPIEM) y el Consejo Estatal de la Mujer y Bienestar Social (CEMyBS), adem\u00e1s de los poderes Legislativo y Judicial, as\u00ed como aspirantes independientes.<\/p>\n<p class=\"p4\">Cabe mencionar que la promoci\u00f3n de la presea se ha difundido tanto en redes sociales de la Secretar\u00eda de Desarrollo Social y dependencias, as\u00ed como en las \u00e1reas de competencia y organizaciones vinculadas a la materia, mediante la distribuci\u00f3n de carteles promocionales y tr\u00edpticos.<\/p>\n<p class=\"p4\">Al t\u00e9rmino de la sesi\u00f3n, Sevilla Montes de Oca exhort\u00f3 a los integrantes del jurado a seguir difundiendo el certamen, \u201ccon el objetivo de apoyar a m\u00e1s candidatos en el registro de la propia presea y a fin de lograr este compromiso conjunto, para que el ganador de verdad represente el esp\u00edritu de la convocatoria\u201d, coment\u00f3.<\/p>\n<p class=\"p4\">La ceremonia de premiaci\u00f3n ser\u00e1 el pr\u00f3ximo 2 de marzo, y previo a ello se realizar\u00e1 una \u00faltima sesi\u00f3n.<\/p>\n","protected":false},"excerpt":{"rendered":"<div class=\"mh-excerpt\"><p>\u2022 Define jurador calificador criterios de evaluaci\u00f3n. \u2022 Llegan 93 registros y 25 en proceso <a class=\"mh-excerpt-more\" href=\"https:\/\/foro1025.mx\/?p=5913\" title=\"Eval\u00faa jurado calificador avances de la presea Estado de M\u00e9xico a la Defensa de los Derechos Humanos \u201cJos\u00e9 Mar\u00eda Morelos y Pav\u00f3n\u201d\">&#8230;<\/a><\/p>\n<\/div>","protected":false},"author":1,"featured_media":0,"comment_status":"closed","ping_status":"closed","sticky":false,"template":"","format":"standard","meta":{"footnotes":""},"categories":[13],"tags":[],"class_list":{"0":"post-5913","1":"post","2":"type-post","3":"status-publish","4":"format-standard","6":"category-estado-de-mexico"},"_links":{"self":[{"href":"https:\/\/foro1025.mx\/index.php?rest_route=\/wp\/v2\/posts\/5913","targetHints":{"allow":["GET"]}}],"collection":[{"href":"https:\/\/foro1025.mx\/index.php?rest_route=\/wp\/v2\/posts"}],"about":[{"href":"https:\/\/foro1025.mx\/index.php?rest_route=\/wp\/v2\/types\/post"}],"author":[{"embeddable":true,"href":"https:\/\/foro1025.mx\/index.php?rest_route=\/wp\/v2\/users\/1"}],"replies":[{"embeddable":true,"href":"https:\/\/foro1025.mx\/index.php?rest_route=%2Fwp%2Fv2%2Fcomments&post=5913"}],"version-history":[{"count":1,"href":"https:\/\/foro1025.mx\/index.php?rest_route=\/wp\/v2\/posts\/5913\/revisions"}],"predecessor-version":[{"id":5915,"href":"https:\/\/foro1025.mx\/index.php?rest_route=\/wp\/v2\/posts\/5913\/revisions\/5915"}],"wp:attachment":[{"href":"https:\/\/foro1025.mx\/index.php?rest_route=%2Fwp%2Fv2%2Fmedia&parent=5913"}],"wp:term":[{"taxonomy":"category","embeddable":true,"href":"https:\/\/foro1025.mx\/index.php?rest_route=%2Fwp%2Fv2%2Fcategories&post=5913"},{"taxonomy":"post_tag","embeddable":true,"href":"https:\/\/foro1025.mx\/index.php?rest_route=%2Fwp%2Fv2%2Ftags&post=5913"}],"curies":[{"name":"wp","href":"https:\/\/api.w.org\/{rel}","templated":true}]}}