{"id":596,"date":"2016-05-02T13:34:27","date_gmt":"2016-05-02T18:34:27","guid":{"rendered":"https:\/\/foro1025.mx\/?p=596"},"modified":"2016-05-02T13:34:27","modified_gmt":"2016-05-02T18:34:27","slug":"mas-escuelas-dignas-en-tlalnepantla","status":"publish","type":"post","link":"https:\/\/foro1025.mx\/?p=596","title":{"rendered":"M\u00e1s escuelas dignas en Tlalnepantla"},"content":{"rendered":"<div id=\"yiv5895488138yui_3_16_0_ym19_1_1461958889359_2486\" align=\"center\"><\/div>\n<div id=\"yiv5895488138yui_3_16_0_ym19_1_1461958889359_2492\"><strong><span id=\"yiv5895488138yui_3_16_0_ym19_1_1461958889359_2493\">\u00b7<span id=\"yiv5895488138yui_3_16_0_ym19_1_1461958889359_2494\">\u00a0\u00a0\u00a0\u00a0\u00a0\u00a0\u00a0 <\/span><\/span><span id=\"yiv5895488138yui_3_16_0_ym19_1_1461958889359_2495\">La educaci\u00f3n que les demos hoy a nuestros ni\u00f1os marcar\u00e1 su desarrollo, sostuvo la alcaldesa.<\/span><\/strong><\/div>\n<div id=\"yiv5895488138yui_3_16_0_ym19_1_1461958889359_2497\"><strong><span id=\"yiv5895488138yui_3_16_0_ym19_1_1461958889359_2498\">\u00b7<span id=\"yiv5895488138yui_3_16_0_ym19_1_1461958889359_2499\">\u00a0\u00a0\u00a0\u00a0\u00a0\u00a0\u00a0 <\/span><\/span><span id=\"yiv5895488138yui_3_16_0_ym19_1_1461958889359_2500\">A la fecha se han rehabilitado 53 planteles educativos.<\/span><\/strong><\/div>\n<div id=\"yiv5895488138yui_3_16_0_ym19_1_1461958889359_2502\"><span id=\"yiv5895488138yui_3_16_0_ym19_1_1461958889359_2503\">\u00a0<\/span><\/div>\n<div id=\"yiv5895488138yui_3_16_0_ym19_1_1461958889359_2505\"><span id=\"yiv5895488138yui_3_16_0_ym19_1_1461958889359_2506\"><strong>Tlalnepantla de Baz, Estado de M\u00e9xico.-<\/strong> Al entregar mobiliario y material did\u00e1ctico en la escuela primaria \u201cCuauht\u00e9moc\u201d, en Tequesquinahuac, la presidenta municipal, Denisse Ugalde Alegr\u00eda afirm\u00f3 que con la entrega de estos apoyos en Tlalnepantla se avanza en la reforma educativa, al brindar mejores condiciones de estudio a ni\u00f1os y j\u00f3venes.<\/span><\/div>\n<div id=\"yiv5895488138yui_3_16_0_ym19_1_1461958889359_2508\" dir=\"ltr\"><span id=\"yiv5895488138yui_3_16_0_ym19_1_1461958889359_2509\">Acompa\u00f1ada del director de los Servicios Educativos Integrados al Estado de M\u00e9xico, Carlos Auriel Est\u00e9vez Herrera, en representaci\u00f3n del gobernador Eruviel \u00c1vila Villegas, la alcaldesa reiter\u00f3 su compromiso de que las escuelas del municipio sean lugares\u00a0<\/span><span id=\"yiv5895488138yui_3_16_0_ym19_1_1461958889359_4218\">dignos en los que se forme a las nuevas generaciones.<\/span><\/div>\n<div id=\"yiv5895488138yui_3_16_0_ym19_1_1461958889359_2511\"><span id=\"yiv5895488138yui_3_16_0_ym19_1_1461958889359_2512\">\u201cLa educaci\u00f3n que les demos hoy a nuestros ni\u00f1os marcar\u00e1 lo que ser\u00e1n el d\u00eda de ma\u00f1ana; yo quiero que sean personas de provecho, que aporten al desarrollo de su comunidad, de su estado y de su pa\u00eds\u201d, puntualiz\u00f3 Ugalde Alegr\u00eda.<\/span><\/div>\n<div id=\"yiv5895488138yui_3_16_0_ym19_1_1461958889359_2514\"><span id=\"yiv5895488138yui_3_16_0_ym19_1_1461958889359_2515\">Subray\u00f3 que el trabajo de la administraci\u00f3n 2016-2018 no se podr\u00eda entender sin el apoyo de los maestros, ya que son parte fundamental en la ense\u00f1anza de conocimientos y de valores.<\/span><\/div>\n<div id=\"yiv5895488138yui_3_16_0_ym19_1_1461958889359_2517\"><span id=\"yiv5895488138yui_3_16_0_ym19_1_1461958889359_2518\">A\u00f1adi\u00f3 que \u201cla cultura, el deporte y la educaci\u00f3n son indispensables para tener ni\u00f1os sanos e inteligentes, por lo que el programa \u2018Me muevo sano, culto y feliz\u2019 mejorar\u00e1 las condiciones de vida y representar\u00e1 mayores oportunidades para la ni\u00f1ez y los j\u00f3venes\u201d.<\/span><\/div>\n<div id=\"yiv5895488138yui_3_16_0_ym19_1_1461958889359_2520\"><span id=\"yiv5895488138yui_3_16_0_ym19_1_1461958889359_2521\">La alcaldesa Denisse Ugalde record\u00f3 que durante sus primeros 100 d\u00edas de gobierno se rehabilitaron 53 planteles educativos y reiter\u00f3 que en su administraci\u00f3n la ense\u00f1anza es una prioridad, por lo que seguir\u00e1n trabajando por una educaci\u00f3n de calidad.<\/span><\/div>\n<div id=\"yiv5895488138yui_3_16_0_ym19_1_1461958889359_2523\"><span id=\"yiv5895488138yui_3_16_0_ym19_1_1461958889359_2524\">A su vez, Carlos Est\u00e9vez Herrera reconoci\u00f3 la labor de la presidenta municipal en materia de educaci\u00f3n, ya que la coordinaci\u00f3n entre gobierno estatal y local ha permitido atender de manera puntual las demandas de los tlalnepantlenses.<\/span><\/div>\n<div id=\"yiv5895488138yui_3_16_0_ym19_1_1461958889359_2526\"><span id=\"yiv5895488138yui_3_16_0_ym19_1_1461958889359_2527\">Cabe se\u00f1alar que adem\u00e1s del mobiliario entregado en la primaria \u201cCuauht\u00e9moc\u201d, Denisse Ugalde tambi\u00e9n inaugur\u00f3 los trabajos realizados en la escuela \u201cGeneral Abundio G\u00f3mez\u201d, en donde se llev\u00f3 a cabo la instalaci\u00f3n del arcotecho en el \u00e1rea de educaci\u00f3n f\u00edsica, bebederos y l\u00e1mparas solares para garantizar buena iluminaci\u00f3n.<\/span><\/div>\n<div><\/div>\n<div id=\"yiv5895488138yui_3_16_0_ym19_1_1461958889359_2529\" dir=\"ltr\"><span id=\"yiv5895488138yui_3_16_0_ym19_1_1461958889359_2530\">Asimismo, se pintaron las instalaciones deportivas y se le dio mantenimiento a la jardiner\u00eda, todo esto como parte del programa \u201cEscuela Digna, Rehabilitaci\u00f3n Integral\u201d, mismo que se ha implementado en todo el municipio.<\/span><\/div>\n<div dir=\"ltr\"><img loading=\"lazy\" decoding=\"async\" class=\"aligncenter size-large wp-image-598\" src=\"https:\/\/foro1025.mx\/wp-content\/uploads\/2016\/05\/Escuelas-dignas-3-1024x739.jpg\" alt=\"Escuelas dignas (3)\" width=\"676\" height=\"488\" \/><\/div>\n","protected":false},"excerpt":{"rendered":"<div class=\"mh-excerpt\"><p>\u00b7\u00a0\u00a0\u00a0\u00a0\u00a0\u00a0\u00a0 La educaci\u00f3n que les demos hoy a nuestros ni\u00f1os marcar\u00e1 su desarrollo, sostuvo la <a class=\"mh-excerpt-more\" href=\"https:\/\/foro1025.mx\/?p=596\" title=\"M\u00e1s escuelas dignas en Tlalnepantla\">&#8230;<\/a><\/p>\n<\/div>","protected":false},"author":1,"featured_media":0,"comment_status":"open","ping_status":"open","sticky":false,"template":"","format":"standard","meta":{"footnotes":""},"categories":[16],"tags":[],"class_list":{"0":"post-596","1":"post","2":"type-post","3":"status-publish","4":"format-standard","6":"category-tlalnepantla"},"_links":{"self":[{"href":"https:\/\/foro1025.mx\/index.php?rest_route=\/wp\/v2\/posts\/596","targetHints":{"allow":["GET"]}}],"collection":[{"href":"https:\/\/foro1025.mx\/index.php?rest_route=\/wp\/v2\/posts"}],"about":[{"href":"https:\/\/foro1025.mx\/index.php?rest_route=\/wp\/v2\/types\/post"}],"author":[{"embeddable":true,"href":"https:\/\/foro1025.mx\/index.php?rest_route=\/wp\/v2\/users\/1"}],"replies":[{"embeddable":true,"href":"https:\/\/foro1025.mx\/index.php?rest_route=%2Fwp%2Fv2%2Fcomments&post=596"}],"version-history":[{"count":1,"href":"https:\/\/foro1025.mx\/index.php?rest_route=\/wp\/v2\/posts\/596\/revisions"}],"predecessor-version":[{"id":599,"href":"https:\/\/foro1025.mx\/index.php?rest_route=\/wp\/v2\/posts\/596\/revisions\/599"}],"wp:attachment":[{"href":"https:\/\/foro1025.mx\/index.php?rest_route=%2Fwp%2Fv2%2Fmedia&parent=596"}],"wp:term":[{"taxonomy":"category","embeddable":true,"href":"https:\/\/foro1025.mx\/index.php?rest_route=%2Fwp%2Fv2%2Fcategories&post=596"},{"taxonomy":"post_tag","embeddable":true,"href":"https:\/\/foro1025.mx\/index.php?rest_route=%2Fwp%2Fv2%2Ftags&post=596"}],"curies":[{"name":"wp","href":"https:\/\/api.w.org\/{rel}","templated":true}]}}