{"id":600,"date":"2016-05-02T13:37:46","date_gmt":"2016-05-02T18:37:46","guid":{"rendered":"https:\/\/foro1025.mx\/?p=600"},"modified":"2016-05-02T13:37:46","modified_gmt":"2016-05-02T18:37:46","slug":"coacalco-a-la-olimpiada-nacional-en-voleibol","status":"publish","type":"post","link":"https:\/\/foro1025.mx\/?p=600","title":{"rendered":"Coacalco a la Olimpiada Nacional en voleibol"},"content":{"rendered":"<p id=\"yui_3_16_0_ym19_1_1462210490744_11488\" style=\"text-align: justify;\" align=\"center\"><strong>Coacalco, Estado de M\u00e9xico.-<\/strong> El impulso que el nuevo gobierno de Coacalco 2016-2018 ofrece al deporte rindi\u00f3 frutos en la Olimpiada Juvenil 2016, al calificarse a la etapa nacional el equipo de voleibol varonil categor\u00eda pasarela para nacidos entre el 2000-2001.<\/p>\n<p style=\"text-align: justify;\" align=\"center\"><span id=\"yui_3_16_0_ym19_1_1462210490744_11483\" style=\"color: #000000; font-family: Calibri; font-size: medium;\">La sexteta representativa de Coacalco ha ganado todos los torneos en los que ha participado este a\u00f1o: la etapa delegacional, regional, estatal, y ahora triunf\u00f3 en la Olimpiada Regional en la que participaron selecciones de los estados de Quer\u00e9taro, Hidalgo y Guanajuato.<\/span><\/p>\n<p id=\"yui_3_16_0_ym19_1_1462210490744_11495\" style=\"text-align: justify;\"><span id=\"yui_3_16_0_ym19_1_1462210490744_11494\" style=\"color: #000000; font-family: Calibri; font-size: medium;\">El representativo del Estado de M\u00e9xico, cuya base es la selecci\u00f3n de Coacalco, se prepara ahora para participar en fase final de la Olimpiada Nacional 2016.<\/span><\/p>\n<p id=\"yui_3_16_0_ym19_1_1462210490744_11496\" style=\"text-align: justify;\"><span style=\"color: #000000; font-family: Calibri; font-size: medium;\">Esta, que es la justa deportiva juvenil m\u00e1s importante del pa\u00eds, se llevar\u00e1 al cabo en agosto pr\u00f3ximo en el estado de Chihuahua.<\/span><\/p>\n<p id=\"yui_3_16_0_ym19_1_1462210490744_11499\" style=\"text-align: justify;\"><span id=\"yui_3_16_0_ym19_1_1462210490744_11498\" style=\"color: #000000;\"><span style=\"font-family: Calibri; font-size: medium;\">El director general del Instituto Municipal de la Cultura F\u00edsica y Deporte de Coacalco de Berrioz\u00e1bal (<\/span><span lang=\"ES\">INCUFIDEC<\/span><span id=\"yui_3_16_0_ym19_1_1462210490744_11497\" style=\"font-family: Calibri; font-size: medium;\">) Yuri Edgar Garc\u00eda, afirm\u00f3 que en otros deportes, como en b\u00e1squetbol tambi\u00e9n Coacalco logr\u00f3 buenas posiciones en la etapa estatal de la competencia referida.<\/span><\/span><\/p>\n<p id=\"yui_3_16_0_ym19_1_1462210490744_11501\" style=\"text-align: justify;\"><span id=\"yui_3_16_0_ym19_1_1462210490744_11500\" style=\"color: #000000; font-family: Calibri; font-size: medium;\">Hizo ver que por indicaciones del presidente municipal Erwin Castel\u00e1n se impulsa por diversos frentes al deporte. As\u00ed, se tienen competencias, exhibiciones, platicas motivacionales de deportistas destacados, torneos escolares y cl\u00ednicas de certificaci\u00f3n para entrenadores, entre muchas otras acciones.<\/span><\/p>\n<p style=\"text-align: justify;\"><img loading=\"lazy\" decoding=\"async\" class=\"aligncenter size-full wp-image-602\" src=\"https:\/\/foro1025.mx\/wp-content\/uploads\/2016\/05\/Voleibol-2.jpg\" alt=\"Voleibol 2\" width=\"610\" height=\"394\" \/><\/p>\n","protected":false},"excerpt":{"rendered":"<div class=\"mh-excerpt\"><p>Coacalco, Estado de M\u00e9xico.- El impulso que el nuevo gobierno de Coacalco 2016-2018 ofrece al <a class=\"mh-excerpt-more\" href=\"https:\/\/foro1025.mx\/?p=600\" title=\"Coacalco a la Olimpiada Nacional en voleibol\">&#8230;<\/a><\/p>\n<\/div>","protected":false},"author":1,"featured_media":0,"comment_status":"open","ping_status":"open","sticky":false,"template":"","format":"standard","meta":{"footnotes":""},"categories":[7],"tags":[],"class_list":{"0":"post-600","1":"post","2":"type-post","3":"status-publish","4":"format-standard","6":"category-coacalco"},"_links":{"self":[{"href":"https:\/\/foro1025.mx\/index.php?rest_route=\/wp\/v2\/posts\/600","targetHints":{"allow":["GET"]}}],"collection":[{"href":"https:\/\/foro1025.mx\/index.php?rest_route=\/wp\/v2\/posts"}],"about":[{"href":"https:\/\/foro1025.mx\/index.php?rest_route=\/wp\/v2\/types\/post"}],"author":[{"embeddable":true,"href":"https:\/\/foro1025.mx\/index.php?rest_route=\/wp\/v2\/users\/1"}],"replies":[{"embeddable":true,"href":"https:\/\/foro1025.mx\/index.php?rest_route=%2Fwp%2Fv2%2Fcomments&post=600"}],"version-history":[{"count":1,"href":"https:\/\/foro1025.mx\/index.php?rest_route=\/wp\/v2\/posts\/600\/revisions"}],"predecessor-version":[{"id":603,"href":"https:\/\/foro1025.mx\/index.php?rest_route=\/wp\/v2\/posts\/600\/revisions\/603"}],"wp:attachment":[{"href":"https:\/\/foro1025.mx\/index.php?rest_route=%2Fwp%2Fv2%2Fmedia&parent=600"}],"wp:term":[{"taxonomy":"category","embeddable":true,"href":"https:\/\/foro1025.mx\/index.php?rest_route=%2Fwp%2Fv2%2Fcategories&post=600"},{"taxonomy":"post_tag","embeddable":true,"href":"https:\/\/foro1025.mx\/index.php?rest_route=%2Fwp%2Fv2%2Ftags&post=600"}],"curies":[{"name":"wp","href":"https:\/\/api.w.org\/{rel}","templated":true}]}}