{"id":6006,"date":"2019-01-21T13:04:43","date_gmt":"2019-01-21T19:04:43","guid":{"rendered":"https:\/\/foro1025.mx\/?p=6006"},"modified":"2019-01-21T13:08:10","modified_gmt":"2019-01-21T19:08:10","slug":"pone-en-marcha-alfredo-del-mazo-centro-regional-de-desarrollo-infantil","status":"publish","type":"post","link":"https:\/\/foro1025.mx\/?p=6006","title":{"rendered":"Pone en marcha Alfredo Del Mazo centro regional de desarrollo infantil"},"content":{"rendered":"<p class=\"p5\"><i>\u2022 Inaugura Gobernador mexiquense este centro en Toluca, donde se atender\u00e1 a m\u00e1s de 100 mil menores de cinco a\u00f1os de edad en diversas disciplinas m\u00e9dicas. <\/i><\/p>\n<p class=\"p5\"><i>\u2022 Recorre instalaciones de este nuevo espacio, en compa\u00f1\u00eda del Secretario de Salud, Gabriel O\u2019Shea Cuevas. <\/i><\/p>\n<p class=\"p5\"><i>\u2022 Destaca que los mexiquenses cuentan ya con dos Centros Regionales de Desarrollo Infantil, el de Toluca y uno m\u00e1s en Ixtapaluca, donde se han brindado m\u00e1s de 6 mil terapias f\u00edsicas y 2 mil pruebas de detecci\u00f3n de complicaciones en el desarrollo de los menores.<\/i><\/p>\n<p class=\"p5\"><b>Toluca, Estado de M\u00e9xico.-<\/b>El Gobernador Alfredo Del Mazo Maza inaugur\u00f3 el Centro Regional de Desarrollo Infantil (Ceredi), en Toluca, espacio donde se brindar\u00e1n las herramientas necesarias para ayudar a los menores con problemas en su desarrollo f\u00edsico o mental y tengan a su alcance una mejor atenci\u00f3n para lograr un desarrollo pleno de sus capacidades.<\/p>\n<p class=\"p5\">\u201cLos primeros a\u00f1os de vida son determinantes para que una persona alcance un mayor bienestar individual, ya que las desigualdades que se experimentan en la infancia son las m\u00e1s dif\u00edciles de superar. En el Estado de M\u00e9xico nuestra prioridad es garantizar que los m\u00e1s de 1.4 millones de ni\u00f1as y ni\u00f1os mexiquenses, menores de cinco a\u00f1os, reciban las mejores atenciones para un desarrollo pleno y saludable\u201d, puntualiz\u00f3.<\/p>\n<p class=\"p5\">Indic\u00f3 que este centro brindar\u00e1 atenci\u00f3n a m\u00e1s de 100 mil menores de hasta cinco a\u00f1os de edad, que viven en municipios del Valle de Toluca, quienes tendr\u00e1n a su alcance servicio de atenci\u00f3n en disciplinas como pediatr\u00eda, psicolog\u00eda, estimulaci\u00f3n temprana, nutrici\u00f3n, rehabilitaci\u00f3n, neuropediatr\u00eda, audiolog\u00eda o terapia de lenguaje, entre otras.<\/p>\n<p class=\"p5\">\u201cCon la apertura del Ceredi Toluca avanzamos a partir de la creaci\u00f3n de una nueva red especializada para la primera infancia, que cubra las distintas regiones del Estado de M\u00e9xico. Este centro cuenta con los aparatos m\u00e9dicos m\u00e1s avanzados, para realizar tratamientos novedosos.<\/p>\n<p><img loading=\"lazy\" decoding=\"async\" class=\"aligncenter size-large wp-image-6010\" src=\"https:\/\/foro1025.mx\/wp-content\/uploads\/2019\/01\/s-LMC_0896-1024x630.jpg\" alt=\"\" width=\"1024\" height=\"630\" \/><\/p>\n<p class=\"p5\">\u201cBrindar\u00e1 servicios especializados en pediatr\u00eda, psicolog\u00eda, neuropediatria, audiolog\u00eda y terapia del lenguaje en beneficio de las ni\u00f1as y ni\u00f1os del Valle de Toluca\u201d, detall\u00f3.<\/p>\n<p class=\"p5\">En las instalaciones de este centro, ubicado en Paseo de los Matlazincas No. 1189, Del Mazo Maza indic\u00f3 que ser ni\u00f1a o ni\u00f1o debe ser sin\u00f3nimo de alegr\u00eda, de salud y de porvenir, por lo que dijo que la responsabilidad de los adultos, de los padres de familia<span class=\"Apple-converted-space\">\u00a0 <\/span>y de las autoridades es protegerlos y ayudarlos a que tengan un crecimiento saludable y las mejores oportunidades de desarrollo.<\/p>\n<p class=\"p5\">Luego de recorrer este espacio y develar la placa alusiva a su inauguraci\u00f3n, Alfredo Del Mazo destac\u00f3 que los mexiquenses cuentan ahora con dos Centros Regionales de Desarrollo Infantil, el de Toluca y uno m\u00e1s en Ixtapaluca, donde se han brindado m\u00e1s de 6 mil terapias f\u00edsicas y 2 mil pruebas de detecci\u00f3n de complicaciones en el desarrollo de los menores.<\/p>\n<p>&nbsp;<\/p>\n<p><img loading=\"lazy\" decoding=\"async\" class=\"aligncenter size-large wp-image-6008\" src=\"https:\/\/foro1025.mx\/wp-content\/uploads\/2019\/01\/s-IMGS0877-1024x722.jpg\" alt=\"\" width=\"1024\" height=\"722\" \/><\/p>\n<p>&nbsp;<\/p>\n<p class=\"p5\">Adem\u00e1s, como parte de la atenci\u00f3n que reciben los menores de cero a cinco a\u00f1os de edad en la entidad, el a\u00f1o pasado se aplicaron m\u00e1s de 6 millones 400 mil dosis de vacunas a ni\u00f1as y ni\u00f1os de la primera infancia, logrando 95 por ciento de vacunaci\u00f3n a los menores de un a\u00f1o.<\/p>\n<p class=\"p5\">\u201cReiteramos el compromiso<span class=\"Apple-converted-space\">\u00a0 <\/span>que tenemos, sobre todo con las familias que m\u00e1s lo requieren, con las familias que han tenido la oportunidad de identificar la necesidad de ser atendidas con rehabilitaci\u00f3n para sus hijos, y que sepan que van a contar siempre con el apoyo del Gobierno del estado para que sus hijos tengan la oportunidad<span class=\"Apple-converted-space\">\u00a0 <\/span>de una vida mucho m\u00e1s plena de desarrollo y de crecimiento\u201d, concluy\u00f3.<\/p>\n<p class=\"p5\">En su construcci\u00f3n y equipamiento se invirtieron m\u00e1s de 40 millones de pesos y cuenta con especialistas en rehabilitaci\u00f3n pedi\u00e1trica, terapia f\u00edsica, ocupacional y de lenguaje y psicolog\u00eda.<\/p>\n<p class=\"p5\">El Secretario de Salud, Gabriel O\u2019Shea Cuevas, se\u00f1al\u00f3 que en los primero cinco a\u00f1os de vida, los menores comienzan la etapa del desarrollo de sus capacidades f\u00edsicas y emocionales, y que en este periodo es cuando aprenden a interactuar con otros ni\u00f1os y comienzan a fomentar su independencia.<\/p>\n<p class=\"p5\">Por ello, asegur\u00f3 que atender la salud constituye un pilar en la conformaci\u00f3n de familias fuertes en el Edom\u00e9x.<\/p>\n","protected":false},"excerpt":{"rendered":"<div class=\"mh-excerpt\"><p>\u2022 Inaugura Gobernador mexiquense este centro en Toluca, donde se atender\u00e1 a m\u00e1s de 100 <a class=\"mh-excerpt-more\" href=\"https:\/\/foro1025.mx\/?p=6006\" title=\"Pone en marcha Alfredo Del Mazo centro regional de desarrollo infantil\">&#8230;<\/a><\/p>\n<\/div>","protected":false},"author":1,"featured_media":0,"comment_status":"closed","ping_status":"closed","sticky":false,"template":"","format":"standard","meta":{"footnotes":""},"categories":[13,39],"tags":[],"class_list":{"0":"post-6006","1":"post","2":"type-post","3":"status-publish","4":"format-standard","6":"category-estado-de-mexico","7":"category-principales"},"_links":{"self":[{"href":"https:\/\/foro1025.mx\/index.php?rest_route=\/wp\/v2\/posts\/6006","targetHints":{"allow":["GET"]}}],"collection":[{"href":"https:\/\/foro1025.mx\/index.php?rest_route=\/wp\/v2\/posts"}],"about":[{"href":"https:\/\/foro1025.mx\/index.php?rest_route=\/wp\/v2\/types\/post"}],"author":[{"embeddable":true,"href":"https:\/\/foro1025.mx\/index.php?rest_route=\/wp\/v2\/users\/1"}],"replies":[{"embeddable":true,"href":"https:\/\/foro1025.mx\/index.php?rest_route=%2Fwp%2Fv2%2Fcomments&post=6006"}],"version-history":[{"count":3,"href":"https:\/\/foro1025.mx\/index.php?rest_route=\/wp\/v2\/posts\/6006\/revisions"}],"predecessor-version":[{"id":6013,"href":"https:\/\/foro1025.mx\/index.php?rest_route=\/wp\/v2\/posts\/6006\/revisions\/6013"}],"wp:attachment":[{"href":"https:\/\/foro1025.mx\/index.php?rest_route=%2Fwp%2Fv2%2Fmedia&parent=6006"}],"wp:term":[{"taxonomy":"category","embeddable":true,"href":"https:\/\/foro1025.mx\/index.php?rest_route=%2Fwp%2Fv2%2Fcategories&post=6006"},{"taxonomy":"post_tag","embeddable":true,"href":"https:\/\/foro1025.mx\/index.php?rest_route=%2Fwp%2Fv2%2Ftags&post=6006"}],"curies":[{"name":"wp","href":"https:\/\/api.w.org\/{rel}","templated":true}]}}