{"id":604,"date":"2016-05-02T13:41:50","date_gmt":"2016-05-02T18:41:50","guid":{"rendered":"https:\/\/foro1025.mx\/?p=604"},"modified":"2016-05-02T13:41:50","modified_gmt":"2016-05-02T18:41:50","slug":"izcalli-festeja-a-ninos-metrum","status":"publish","type":"post","link":"https:\/\/foro1025.mx\/?p=604","title":{"rendered":"Izcalli festeja a ni\u00f1os METRUM"},"content":{"rendered":"<p class=\"p1\"><strong>Cuautitl\u00e1n Izcalli, Estado de M\u00e9xico.-<\/strong> Para continuar con los festejos conmemorativos del D\u00eda del Ni\u00f1o, las autoridades municipales otorgaron becas a menores en riesgo de migraci\u00f3n, pertenecientes al Programa Menores Trabajadores Urbano Marginales (Metrum), adem\u00e1s de entregar reconocimientos a los participantes en los talleres de computaci\u00f3n, panader\u00eda y cultura de belleza.<\/p>\n<p class=\"p2\">Durante la convivencia con los menores y en el marco de la Jornada Integral para ni\u00f1as, ni\u00f1os y Adolescentes, el Alcalde V\u00edctor Estrada Garibay y la Presidenta del Sistema Municipal para el Desarrollo Integral de la Familia (DIF) Am\u00e9rica Rangel Guti\u00e9rrez, beneficiaron a Vania Silva y Leonardo P\u00e9rez, con becas econ\u00f3micas que les permitir\u00e1n mantenerse en su hogar.<\/p>\n<p class=\"p2\">En representaci\u00f3n de los integrantes del Metrum, Jes\u00fas Rojas, agradeci\u00f3 a la presidenta del DIF los servicios otorgados e invit\u00f3 a m\u00e1s menores a sumarse al programa, en donde reciben un trato digno y solidario, as\u00ed como al coordinador del programa No\u00e9 Almanza Aguilera.<\/p>\n<p class=\"p2\">Las autoridades entregaron reconocimientos a quienes a lo largo de este a\u00f1o han cursado los talleres de computaci\u00f3n en los 20 equipos que equipos que entregaron los gobiernos municipales y estatal hace menos de dos meses, adem\u00e1s de los participantes de los talleres de panader\u00eda, a quienes el Alcalde apoyo con la entrega de utensilios para sus cocinas, hace poco menos de un mes.<\/p>\n<p class=\"p2\">Durante la convivencia con los menores en las instalaciones del Metrum, se instalaron varios locales donde se mostr\u00f3 a las ni\u00f1as y ni\u00f1os las acciones del gobierno municipal a trav\u00e9s de juegos interactivos y l\u00fadicos y en los que participaron Operagua, la Comisar\u00eda de Seguridad P\u00fablica a trav\u00e9s de un m\u00f3dulo de Prevenci\u00f3n del Delito, Protecci\u00f3n Civil, el Instituto para la Equidad y el Desarrollo de la Mujer, entre otros. A su vez, la regidora Lorena L\u00f3pez Ramos reparti\u00f3 junto con el Alcalde dulces a los menores<\/p>\n<p class=\"p4\"><span class=\"s1\">Previa a la celebraci\u00f3n, el Presidente Municipal acudi\u00f3 a las instalaciones del <\/span>Centro de capacitaci\u00f3n Laboral para personas con Discapacidad Intelectual ARANTZA, en donde de manera gratuita y colaboraci\u00f3n con la Facultad de Estudios Superiores Acatl\u00e1n-UNAM, se represent\u00f3 la obra de teatro \u201cCriaturas\u201d, dirigida por Fernando Morales y actuada por C\u00e9sar Britos y Gustavo Salazar.<\/p>\n<p class=\"p4\"><img loading=\"lazy\" decoding=\"async\" class=\"aligncenter size-large wp-image-605\" src=\"https:\/\/foro1025.mx\/wp-content\/uploads\/2016\/05\/metrum4-1024x681.jpg\" alt=\"metrum4\" width=\"676\" height=\"450\" \/><\/p>\n<p class=\"p4\">\n","protected":false},"excerpt":{"rendered":"<div class=\"mh-excerpt\"><p>Cuautitl\u00e1n Izcalli, Estado de M\u00e9xico.- Para continuar con los festejos conmemorativos del D\u00eda del Ni\u00f1o, <a class=\"mh-excerpt-more\" href=\"https:\/\/foro1025.mx\/?p=604\" title=\"Izcalli festeja a ni\u00f1os METRUM\">&#8230;<\/a><\/p>\n<\/div>","protected":false},"author":1,"featured_media":0,"comment_status":"open","ping_status":"open","sticky":false,"template":"","format":"standard","meta":{"footnotes":""},"categories":[29],"tags":[],"class_list":{"0":"post-604","1":"post","2":"type-post","3":"status-publish","4":"format-standard","6":"category-cuautitlan-izcalli"},"_links":{"self":[{"href":"https:\/\/foro1025.mx\/index.php?rest_route=\/wp\/v2\/posts\/604","targetHints":{"allow":["GET"]}}],"collection":[{"href":"https:\/\/foro1025.mx\/index.php?rest_route=\/wp\/v2\/posts"}],"about":[{"href":"https:\/\/foro1025.mx\/index.php?rest_route=\/wp\/v2\/types\/post"}],"author":[{"embeddable":true,"href":"https:\/\/foro1025.mx\/index.php?rest_route=\/wp\/v2\/users\/1"}],"replies":[{"embeddable":true,"href":"https:\/\/foro1025.mx\/index.php?rest_route=%2Fwp%2Fv2%2Fcomments&post=604"}],"version-history":[{"count":1,"href":"https:\/\/foro1025.mx\/index.php?rest_route=\/wp\/v2\/posts\/604\/revisions"}],"predecessor-version":[{"id":607,"href":"https:\/\/foro1025.mx\/index.php?rest_route=\/wp\/v2\/posts\/604\/revisions\/607"}],"wp:attachment":[{"href":"https:\/\/foro1025.mx\/index.php?rest_route=%2Fwp%2Fv2%2Fmedia&parent=604"}],"wp:term":[{"taxonomy":"category","embeddable":true,"href":"https:\/\/foro1025.mx\/index.php?rest_route=%2Fwp%2Fv2%2Fcategories&post=604"},{"taxonomy":"post_tag","embeddable":true,"href":"https:\/\/foro1025.mx\/index.php?rest_route=%2Fwp%2Fv2%2Ftags&post=604"}],"curies":[{"name":"wp","href":"https:\/\/api.w.org\/{rel}","templated":true}]}}