{"id":6085,"date":"2019-01-29T13:52:26","date_gmt":"2019-01-29T19:52:26","guid":{"rendered":"https:\/\/foro1025.mx\/?p=6085"},"modified":"2019-01-29T13:52:26","modified_gmt":"2019-01-29T19:52:26","slug":"primer-festival-de-folklor-nacional-en-cuautitlan","status":"publish","type":"post","link":"https:\/\/foro1025.mx\/?p=6085","title":{"rendered":"Primer Festival de Folklor Nacional en Cuautitl\u00e1n"},"content":{"rendered":"<p class=\"p7\">\u201cEsto es M\u00e9xico, Tradiciones de mi Tierra\u201d, es el primer festival que se realiza en el municipio, en el que participan artistas de nivel nacional e internacional.<\/p>\n<p class=\"p7\">Cincos estados del pa\u00eds y m\u00e1s de 160 artistas se presentaron el Parque de la Cruz.<\/p>\n<p class=\"p7\">Este primer encuentro estuvo coordinado por la Direcci\u00f3n de Cultura y Vestigios Arqueol\u00f3gicos<\/p>\n<p class=\"p10\">Como parte de<span class=\"Apple-converted-space\">\u00a0 <\/span>las actividades culturales emprendidas por el gobierno de Cuautitl\u00e1n a trav\u00e9s de la Direcci\u00f3n de Cultura y Vestigios Arqueol\u00f3gicos, este fin de semana se<span class=\"Apple-converted-space\">\u00a0 <\/span>realiz\u00f3 el 1er Festival de Folklor Nacional \u201cEsto es M\u00e9xico, Tradiciones de mi Terra\u201d, mismo que cont\u00f3 con la participaci\u00f3n de grupos de baile provenientes de cinco estados de la Rep\u00fablica.<\/p>\n<p class=\"p10\">El foro de la Concha Ac\u00fastica fue el escenario ideal para que m\u00e1s de 160 exponentes del baile del folklor nacional<span class=\"Apple-converted-space\">\u00a0 <\/span>e internacional, deleitaran con sus trajes t\u00edpicos, coreograf\u00edas y m\u00fasica regional y de otros pa\u00edses, a decenas de familias que se dieron cita en el Parque de la Cruz.<\/p>\n<p class=\"p10\">Los estados de Guerrero, Michoac\u00e1n, San Luis Potos\u00ed, Chiapas, Veracruz, estuvieron representados por grupos de baile de nivel internacional, integrados por ni\u00f1os desde los 6 a\u00f1os, hasta profesionales de m\u00e1s de 60, quienes mostraron su calidad interpretativa a los espectadores locales y de los municipios vecinos.<\/p>\n<p class=\"p10\">El grupo Itzi-Guare de Guerrero; Tumbi Uarhari de Michoac\u00e1n; Mutotianij de San Luis Potos\u00ed; Villa Palenque de Chiapas; Hueye Ocotll de Veracruz y el Ballet Folkl\u00f3rico, Esto es M\u00e9xico de Cuautitl\u00e1n, se presentaron durante dos d\u00edas en este sitio para el deleite de los espectadores.<\/p>\n<p class=\"p10\">Cabe destacar que la agrupaci\u00f3n representativa de Cuautitl\u00e1n, Esto es M\u00e9xico pese a tener m\u00e1s de tres a\u00f1os de haberse conformado no contaba<span class=\"Apple-converted-space\">\u00a0 <\/span>con suficiente apoyo y hab\u00eda estado funcionando pr\u00e1cticamente de manera independiente, por lo que uno de los compromisos de la presente<span class=\"Apple-converted-space\">\u00a0 <\/span>Administraci\u00f3n, es darle el reconocimiento e impulso necesario para que este ballet se consolide.<\/p>\n<p class=\"p10\">Actualmente esta agrupaci\u00f3n dej\u00f3 la concha ac\u00fastica en donde ensay\u00f3 desde sus inicios para contar con un mejor espacio al interior de la casa de Cultura<\/p>\n<p class=\"p10\">Tambi\u00e9n y como parte del rescate de tradiciones culturales que lleva a cabo la Administraci\u00f3n 2019-2021, sindica, regidores y funcionarios p\u00fablicos acompa\u00f1aron a los organizadores de la festividad Expo Feria del Machero, con la coronaci\u00f3n de<\/p>\n<p class=\"p10\">la reyna y princesas, adem\u00e1s de dar el<span class=\"Apple-converted-space\">\u00a0 <\/span>\u201csombrerazo\u201d de inicio de la tradicional cabalgata de jinetes y carros aleg\u00f3ricos que desfilaron por el centro del municipio.<\/p>\n","protected":false},"excerpt":{"rendered":"<div class=\"mh-excerpt\"><p>\u201cEsto es M\u00e9xico, Tradiciones de mi Tierra\u201d, es el primer festival que se realiza en <a class=\"mh-excerpt-more\" href=\"https:\/\/foro1025.mx\/?p=6085\" title=\"Primer Festival de Folklor Nacional en Cuautitl\u00e1n\">&#8230;<\/a><\/p>\n<\/div>","protected":false},"author":1,"featured_media":0,"comment_status":"closed","ping_status":"closed","sticky":false,"template":"","format":"standard","meta":{"footnotes":""},"categories":[40],"tags":[],"class_list":{"0":"post-6085","1":"post","2":"type-post","3":"status-publish","4":"format-standard","6":"category-cuautitlan-mexico"},"_links":{"self":[{"href":"https:\/\/foro1025.mx\/index.php?rest_route=\/wp\/v2\/posts\/6085","targetHints":{"allow":["GET"]}}],"collection":[{"href":"https:\/\/foro1025.mx\/index.php?rest_route=\/wp\/v2\/posts"}],"about":[{"href":"https:\/\/foro1025.mx\/index.php?rest_route=\/wp\/v2\/types\/post"}],"author":[{"embeddable":true,"href":"https:\/\/foro1025.mx\/index.php?rest_route=\/wp\/v2\/users\/1"}],"replies":[{"embeddable":true,"href":"https:\/\/foro1025.mx\/index.php?rest_route=%2Fwp%2Fv2%2Fcomments&post=6085"}],"version-history":[{"count":1,"href":"https:\/\/foro1025.mx\/index.php?rest_route=\/wp\/v2\/posts\/6085\/revisions"}],"predecessor-version":[{"id":6087,"href":"https:\/\/foro1025.mx\/index.php?rest_route=\/wp\/v2\/posts\/6085\/revisions\/6087"}],"wp:attachment":[{"href":"https:\/\/foro1025.mx\/index.php?rest_route=%2Fwp%2Fv2%2Fmedia&parent=6085"}],"wp:term":[{"taxonomy":"category","embeddable":true,"href":"https:\/\/foro1025.mx\/index.php?rest_route=%2Fwp%2Fv2%2Fcategories&post=6085"},{"taxonomy":"post_tag","embeddable":true,"href":"https:\/\/foro1025.mx\/index.php?rest_route=%2Fwp%2Fv2%2Ftags&post=6085"}],"curies":[{"name":"wp","href":"https:\/\/api.w.org\/{rel}","templated":true}]}}