{"id":6091,"date":"2019-01-29T14:05:40","date_gmt":"2019-01-29T20:05:40","guid":{"rendered":"https:\/\/foro1025.mx\/?p=6091"},"modified":"2019-01-29T14:05:40","modified_gmt":"2019-01-29T20:05:40","slug":"en-el-marco-de-la-celebracion-de-la-no-violencia-en-contra-de-la-mujer-el-imiemh-realizara-jornada-medica-asistencial","status":"publish","type":"post","link":"https:\/\/foro1025.mx\/?p=6091","title":{"rendered":"En el marco de la celebraci\u00f3n de la No Violencia en Contra de la Mujer, el IMIEMH realizar\u00e1 jornada m\u00e9dica asistencial"},"content":{"rendered":"<p class=\"p3\">En el marco de las celebraciones por el d\u00eda de la \u201cNo violencia contra las mujeres\u201d, la encargada de despacho del Instituto Municipal para la Igualdad y Empoderamiento entre Mujeres y Hombres (IMIEMH), Lidia Ramos Camacho, se\u00f1al\u00f3 que se llevar\u00e1 a cabo una Jornada M\u00e9dica Asistencial en la explanada municipal, en donde se ofrecer\u00e1n servicios m\u00e9dicos de manera gratuita.<\/p>\n<p class=\"p3\">La encarga de despacho indic\u00f3 que de manera simb\u00f3lica se formar\u00e1 un mo\u00f1o naranja con la participaci\u00f3n de la ciudadan\u00eda, funcionarios y empleados del Ayuntamiento, con la finalidad de celebrar el \u201cD\u00eda Naranja\u201d, establecido por la ONU todos los d\u00edas 25 de cada mes.<\/p>\n<p class=\"p3\">Agreg\u00f3 que los servicios que se ofrecer\u00e1n en la Jornada M\u00e9dica Asistencial a celebrarse el pr\u00f3ximo 25 de enero en la explanada municipal de las de las 10:00 a las 14:00 horas son: detecci\u00f3n de ant\u00edgeno prost\u00e1tico, hipertensi\u00f3n y diabetes, consulta m\u00e9dica general y odontol\u00f3gica, vacunas, asesor\u00eda jur\u00eddica y psicol\u00f3gica, talleres productivos, vinculaci\u00f3n al empleo y pl\u00e1ticas sobre la prevenci\u00f3n de la violencia en las relaciones, totalmente gratuitos.<\/p>\n<p class=\"p3\">Lidia Ramos Camacho, enfatiz\u00f3 que asistir\u00e1n alrededor de 70 empresas que ofertar\u00e1n plazas para las mujeres izcallenses y se\u00f1al\u00f3 que, \u201chabr\u00e1 70 plazas sin l\u00edmite de edad, porque es un problema al que nos enfrentamos como ciudadanas y como izcallenses en donde no se les permite la entrada al \u00e1rea laboral\u201d.<\/p>\n<p class=\"p3\">Indic\u00f3 que el IMIEMH, trabaja de manera conjunta con el Instituto Municipal de la Juventud (IMJUCI), el Instituto de Seguridad y Servicios Sociales de los Trabajadores del Estado (ISSTE), as\u00ed como con el Sistema Municipal para el Desarrollo Integral de la Familia, para brindar una mejor atenci\u00f3n a los izcallenses.<\/p>\n<p class=\"p3\">Finalmente, Lidia Ramos Camacho, invit\u00f3 a los izcallenses a que acudan y hagan uso de los servicios que se estar\u00e1n brindando durante la jornada m\u00e9dica, con la finalidad de obtener mayores beneficios.<\/p>\n","protected":false},"excerpt":{"rendered":"<div class=\"mh-excerpt\"><p>En el marco de las celebraciones por el d\u00eda de la \u201cNo violencia contra las <a class=\"mh-excerpt-more\" href=\"https:\/\/foro1025.mx\/?p=6091\" title=\"En el marco de la celebraci\u00f3n de la No Violencia en Contra de la Mujer, el IMIEMH realizar\u00e1 jornada m\u00e9dica asistencial\">&#8230;<\/a><\/p>\n<\/div>","protected":false},"author":1,"featured_media":0,"comment_status":"closed","ping_status":"closed","sticky":false,"template":"","format":"standard","meta":{"footnotes":""},"categories":[29],"tags":[],"class_list":{"0":"post-6091","1":"post","2":"type-post","3":"status-publish","4":"format-standard","6":"category-cuautitlan-izcalli"},"_links":{"self":[{"href":"https:\/\/foro1025.mx\/index.php?rest_route=\/wp\/v2\/posts\/6091","targetHints":{"allow":["GET"]}}],"collection":[{"href":"https:\/\/foro1025.mx\/index.php?rest_route=\/wp\/v2\/posts"}],"about":[{"href":"https:\/\/foro1025.mx\/index.php?rest_route=\/wp\/v2\/types\/post"}],"author":[{"embeddable":true,"href":"https:\/\/foro1025.mx\/index.php?rest_route=\/wp\/v2\/users\/1"}],"replies":[{"embeddable":true,"href":"https:\/\/foro1025.mx\/index.php?rest_route=%2Fwp%2Fv2%2Fcomments&post=6091"}],"version-history":[{"count":1,"href":"https:\/\/foro1025.mx\/index.php?rest_route=\/wp\/v2\/posts\/6091\/revisions"}],"predecessor-version":[{"id":6093,"href":"https:\/\/foro1025.mx\/index.php?rest_route=\/wp\/v2\/posts\/6091\/revisions\/6093"}],"wp:attachment":[{"href":"https:\/\/foro1025.mx\/index.php?rest_route=%2Fwp%2Fv2%2Fmedia&parent=6091"}],"wp:term":[{"taxonomy":"category","embeddable":true,"href":"https:\/\/foro1025.mx\/index.php?rest_route=%2Fwp%2Fv2%2Fcategories&post=6091"},{"taxonomy":"post_tag","embeddable":true,"href":"https:\/\/foro1025.mx\/index.php?rest_route=%2Fwp%2Fv2%2Ftags&post=6091"}],"curies":[{"name":"wp","href":"https:\/\/api.w.org\/{rel}","templated":true}]}}