{"id":612,"date":"2016-05-02T13:53:01","date_gmt":"2016-05-02T18:53:01","guid":{"rendered":"https:\/\/foro1025.mx\/?p=612"},"modified":"2016-05-02T13:53:01","modified_gmt":"2016-05-02T18:53:01","slug":"atrapa-policia-de-toluca-a-sujeto-por-presunto-robo-de-vehiculo-en-la-colonia-isidro-fabela","status":"publish","type":"post","link":"https:\/\/foro1025.mx\/?p=612","title":{"rendered":"Atrapa Polic\u00eda de Toluca a sujeto por presunto robo de veh\u00edculo en la colonia Isidro Fabela"},"content":{"rendered":"<p><b id=\"yui_3_16_0_ym19_1_1462210490744_17693\"><span id=\"yui_3_16_0_ym19_1_1462210490744_17692\"><\/span><\/b><strong>\u00b7\u00a0\u00a0\u00a0\u00a0\u00a0\u00a0\u00a0\u00a0 <i id=\"yui_3_16_0_ym19_1_1462210490744_17712\"><span id=\"yui_3_16_0_ym19_1_1462210490744_17713\">Los hechos ocurrieron alrededor de las 22:30 horas en la intersecci\u00f3n de Andr\u00e9s Quintana Roo y Solidaridad las Torres.<\/span><\/i><\/strong><\/p>\n<p><b id=\"yui_3_16_0_ym19_1_1462210490744_17661\"><span id=\"yui_3_16_0_ym19_1_1462210490744_17660\">Toluca, Estado de M\u00e9xico- <\/span><\/b><span id=\"yui_3_16_0_ym19_1_1462210490744_17645\">Elementos de la Polic\u00eda Municipal de Toluca detuvieron a un sujeto como presunto responsable del delito de robo de veh\u00edculo, luego de que fuera denunciado en la colonia Isidro Fabela de despojar de una motoneta a un hombre.<u><\/u><u><\/u><\/span><\/p>\n<p id=\"yui_3_16_0_ym19_1_1462210490744_17691\" class=\"yiv4465982357MsoNormal\"><span id=\"yui_3_16_0_ym19_1_1462210490744_17690\">Al realizar patrullajes de rutina por calles de dicha colonia, los uniformados recibieron un reporte de la central de radio inform\u00e1ndoles que en la intersecci\u00f3n de Andr\u00e9s Quintana Roo y Solidaridad las Torres, un hombre denunciaba que lo hab\u00edan asaltado, por lo que de inmediato agentes acudieron al lugar<u><\/u><u><\/u><\/span><\/p>\n<p id=\"yui_3_16_0_ym19_1_1462210490744_17714\" class=\"yiv4465982357MsoNormal\"><span id=\"yui_3_16_0_ym19_1_1462210490744_17715\">Al llegar al lugar, la v\u00edctima inform\u00f3 a los oficiales que un individuo lo hab\u00eda amenazado y despojado de su motoneta, al instante agentes municipales iniciaron una persecuci\u00f3n del presunto ladr\u00f3n, que al verse acorralado dej\u00f3 la motoneta y empez\u00f3 a correr.<u><\/u><u><\/u><\/span><\/p>\n<p id=\"yui_3_16_0_ym19_1_1462210490744_17716\" class=\"yiv4465982357MsoNormal\"><span id=\"yui_3_16_0_ym19_1_1462210490744_17717\">Al darle alcance, los polic\u00edas detuvieron a quien dijo llamarse Juan, de 33 a\u00f1os de edad, que fue identificado por el denunciante como el autor del hurto de su motoneta y a petici\u00f3n de este fue trasladado y puesto a disposici\u00f3n de la Procuradur\u00eda General de Justicia del Estado de M\u00e9xico por su presunta responsabilidad en el delito de robo de veh\u00edculo.<\/span><\/p>\n<p class=\"yiv4465982357MsoNormal\"><img loading=\"lazy\" decoding=\"async\" class=\"aligncenter size-large wp-image-613\" src=\"https:\/\/foro1025.mx\/wp-content\/uploads\/2016\/05\/tol-rat-1024x576.jpg\" alt=\"tol rat\" width=\"676\" height=\"380\" \/><\/p>\n","protected":false},"excerpt":{"rendered":"<div class=\"mh-excerpt\"><p>\u00b7\u00a0\u00a0\u00a0\u00a0\u00a0\u00a0\u00a0\u00a0 Los hechos ocurrieron alrededor de las 22:30 horas en la intersecci\u00f3n de Andr\u00e9s Quintana <a class=\"mh-excerpt-more\" href=\"https:\/\/foro1025.mx\/?p=612\" title=\"Atrapa Polic\u00eda de Toluca a sujeto por presunto robo de veh\u00edculo en la colonia Isidro Fabela\">&#8230;<\/a><\/p>\n<\/div>","protected":false},"author":1,"featured_media":0,"comment_status":"open","ping_status":"open","sticky":false,"template":"","format":"standard","meta":{"footnotes":""},"categories":[9,12],"tags":[],"class_list":{"0":"post-612","1":"post","2":"type-post","3":"status-publish","4":"format-standard","6":"category-seguridad","7":"category-toluca"},"_links":{"self":[{"href":"https:\/\/foro1025.mx\/index.php?rest_route=\/wp\/v2\/posts\/612","targetHints":{"allow":["GET"]}}],"collection":[{"href":"https:\/\/foro1025.mx\/index.php?rest_route=\/wp\/v2\/posts"}],"about":[{"href":"https:\/\/foro1025.mx\/index.php?rest_route=\/wp\/v2\/types\/post"}],"author":[{"embeddable":true,"href":"https:\/\/foro1025.mx\/index.php?rest_route=\/wp\/v2\/users\/1"}],"replies":[{"embeddable":true,"href":"https:\/\/foro1025.mx\/index.php?rest_route=%2Fwp%2Fv2%2Fcomments&post=612"}],"version-history":[{"count":1,"href":"https:\/\/foro1025.mx\/index.php?rest_route=\/wp\/v2\/posts\/612\/revisions"}],"predecessor-version":[{"id":615,"href":"https:\/\/foro1025.mx\/index.php?rest_route=\/wp\/v2\/posts\/612\/revisions\/615"}],"wp:attachment":[{"href":"https:\/\/foro1025.mx\/index.php?rest_route=%2Fwp%2Fv2%2Fmedia&parent=612"}],"wp:term":[{"taxonomy":"category","embeddable":true,"href":"https:\/\/foro1025.mx\/index.php?rest_route=%2Fwp%2Fv2%2Fcategories&post=612"},{"taxonomy":"post_tag","embeddable":true,"href":"https:\/\/foro1025.mx\/index.php?rest_route=%2Fwp%2Fv2%2Ftags&post=612"}],"curies":[{"name":"wp","href":"https:\/\/api.w.org\/{rel}","templated":true}]}}