{"id":6140,"date":"2019-01-29T16:25:32","date_gmt":"2019-01-29T22:25:32","guid":{"rendered":"https:\/\/foro1025.mx\/?p=6140"},"modified":"2019-01-29T16:25:32","modified_gmt":"2019-01-29T22:25:32","slug":"entrega-alfredo-del-mazo-apoyos-para-incrementar-la-produccion-de-mezcal-en-el-edomex","status":"publish","type":"post","link":"https:\/\/foro1025.mx\/?p=6140","title":{"rendered":"Entrega Alfredo Del Mazo apoyos para incrementar la producci\u00f3n de mezcal en el Edom\u00e9x"},"content":{"rendered":"<p class=\"p5\"><i>\u2022 Reciben maestros mezcaleros del sur del estado vales para construcci\u00f3n y equipamiento de alambiques y para la adquisici\u00f3n de plantas de agave, de las cuales se entregar\u00e1n 200 mil. <\/i><\/p>\n<p class=\"p5\"><i>\u2022 Garantiza Gobernador mexiquense que su administraci\u00f3n acompa\u00f1ar\u00e1 y apoyar\u00e1 a los productores de mezcal en todo el proceso de fabricaci\u00f3n, desde la plantaci\u00f3n del agave, hasta la comercializaci\u00f3n del producto. <\/i><\/p>\n<p class=\"p5\"><i>\u2022 Recorre Del Mazo Maza alambique del se\u00f1or Simitrio Vargas Mill\u00e1n, quien, con una tradici\u00f3n de 54 a\u00f1os en la producci\u00f3n de este destilado, recibi\u00f3 enseres de cobre, horno y el equipo necesario para mejorar la productividad en su alambique. <\/i><\/p>\n<p class=\"p5\"><b>Tenancingo, Estado de M\u00e9xico.-<\/b>Para impulsar la producci\u00f3n de mezcal en el Estado de M\u00e9xico y mejorar las condiciones de vida de las familias dedicadas a esta actividad, el Gobernador Alfredo Del Mazo Maza entreg\u00f3 apoyos a maestros mezcaleros de 15 municipios del sur mexiquense, quienes recibieron vales para construir y equipar alambiques, as\u00ed como para adquirir los agaves necesarios en la elaboraci\u00f3n de este destilado.<\/p>\n<p class=\"p5\">\u201cLo que queremos hacer primero es incrementar la producci\u00f3n y para eso, este a\u00f1o, vamos a estar haciendo la entrega de 200 mil plantas de agave, para que puedan ustedes y los productores de agave del estado mejorar e incrementar la producci\u00f3n de planta de mezcal, y por eso muchas felicidades a quienes el d\u00eda de hoy reciben este apoyo\u201d, extern\u00f3.<\/p>\n<p>&nbsp;<\/p>\n<p><img loading=\"lazy\" decoding=\"async\" class=\"aligncenter size-large wp-image-6142\" src=\"https:\/\/foro1025.mx\/wp-content\/uploads\/2019\/01\/8-2-1024x682.jpg\" alt=\"\" width=\"1024\" height=\"682\" \/><\/p>\n<p>&nbsp;<\/p>\n<p class=\"p5\">En la comunidad de San Jos\u00e9 Chalmita, en Tenancingo, donde se reunieron maestros mezcaleros de la regi\u00f3n sur del estado, el mandatario estatal subray\u00f3 que, entre los apoyos entregados, tambi\u00e9n se encuentran<span class=\"Apple-converted-space\">\u00a0 <\/span>enseres de cobre, necesarios para la producci\u00f3n de mezcal artesanal, as\u00ed como la adecuaci\u00f3n de los alambiques para que puedan mejorar su productividad, sin perder los procesos tradicionales, a la par de elevar los est\u00e1ndares de calidad.<\/p>\n<p class=\"p5\">Acompa\u00f1ado por el Secretario de Desarrollo Agropecuario, Dar\u00edo Zacar\u00edas Capuchino, el Gobernador Del Mazo asegur\u00f3 que los productores estar\u00e1n acompa\u00f1ados por el Gobierno estatal en todo el proceso de elaboraci\u00f3n, pues a la par de la entrega de agaves y del equipamiento de alambiques, tambi\u00e9n recibir\u00e1n capacitaci\u00f3n para<span class=\"Apple-converted-space\">\u00a0 <\/span>comercializar el producto, en temas como registro de marca, envasado y otros rubros<span class=\"Apple-converted-space\">\u00a0 <\/span>relacionados con el comercio.<\/p>\n<p class=\"p5\">\u201cTodo ese proceso, desde la entrega de planta, la siembra, la construcci\u00f3n de alambiques, el vestido y el etiquetado, el envasado del producto, el registro de marca y la comercializaci\u00f3n, vamos a acompa\u00f1arlos a lo largo de todo ese proceso. Por eso estamos aqu\u00ed el d\u00eda de hoy, porque queremos fortalecer a los productores de mezcal del Estado de M\u00e9xico\u201d, garantiz\u00f3.<\/p>\n<p class=\"p5\">Asimismo, Alfredo Del Mazo destac\u00f3 que gracias a las gestiones hechas por su administraci\u00f3n con el Instituto Mexicano de la Propiedad Industrial (IMPI), se consigui\u00f3 obtener la denominaci\u00f3n de origen para 15 municipios mexiquenses, con lo cual tienen la oportunidad de incrementar la comercializaci\u00f3n de esta bebida, al entrar a nuevos<span class=\"Apple-converted-space\">\u00a0 <\/span>mercados, tanto en el pa\u00eds como en el extranjero.<\/p>\n<p class=\"p5\">En esta gira de trabajo, Alfredo Del Mazo tambi\u00e9n visit\u00f3 el alambique de Simitrio Vargas Mill\u00e1n, maestro mezcalero desde hace 54 a\u00f1os, quien explic\u00f3 a detalle<span class=\"Apple-converted-space\">\u00a0 <\/span>el proceso que se requiere para la destilaci\u00f3n del mezcal; desde la plantaci\u00f3n del agave, su cosecha y cocci\u00f3n, hasta la fermentaci\u00f3n y la destilaci\u00f3n.<\/p>\n<p>&nbsp;<\/p>\n<p><img loading=\"lazy\" decoding=\"async\" class=\"aligncenter size-large wp-image-6143\" src=\"https:\/\/foro1025.mx\/wp-content\/uploads\/2019\/01\/12-2-1024x683.jpg\" alt=\"\" width=\"1024\" height=\"683\" \/><\/p>\n<p>&nbsp;<\/p>\n<p class=\"p5\">Ah\u00ed, Del Mazo Maza subray\u00f3 que este alambique recibi\u00f3 apoyo para adquirir nuevos enseres, como una trituradora industrial, montera o tambos de cobre, que son imprescindibles para cumplir los requerimientos de calidad y alcanzar la denominaci\u00f3n de origen.<\/p>\n<p class=\"p5\">A este evento asistieron productores de mezcal de los municipios de Tlatlaya, Malinalco, Luvianos, Almoloya de Alquisiras, Amatepec, Coatepec Harinas, Ixtapan de la Sal, Ocuilan, Sultepec, Tejupilco, Tonatico, Villa Guerrero, Tenancingo, Zacualpan y Zumpahuac\u00e1n.<\/p>\n","protected":false},"excerpt":{"rendered":"<div class=\"mh-excerpt\"><p>\u2022 Reciben maestros mezcaleros del sur del estado vales para construcci\u00f3n y equipamiento de alambiques <a class=\"mh-excerpt-more\" href=\"https:\/\/foro1025.mx\/?p=6140\" title=\"Entrega Alfredo Del Mazo apoyos para incrementar la producci\u00f3n de mezcal en el Edom\u00e9x\">&#8230;<\/a><\/p>\n<\/div>","protected":false},"author":1,"featured_media":0,"comment_status":"closed","ping_status":"closed","sticky":false,"template":"","format":"standard","meta":{"footnotes":""},"categories":[13,39],"tags":[],"class_list":{"0":"post-6140","1":"post","2":"type-post","3":"status-publish","4":"format-standard","6":"category-estado-de-mexico","7":"category-principales"},"_links":{"self":[{"href":"https:\/\/foro1025.mx\/index.php?rest_route=\/wp\/v2\/posts\/6140","targetHints":{"allow":["GET"]}}],"collection":[{"href":"https:\/\/foro1025.mx\/index.php?rest_route=\/wp\/v2\/posts"}],"about":[{"href":"https:\/\/foro1025.mx\/index.php?rest_route=\/wp\/v2\/types\/post"}],"author":[{"embeddable":true,"href":"https:\/\/foro1025.mx\/index.php?rest_route=\/wp\/v2\/users\/1"}],"replies":[{"embeddable":true,"href":"https:\/\/foro1025.mx\/index.php?rest_route=%2Fwp%2Fv2%2Fcomments&post=6140"}],"version-history":[{"count":1,"href":"https:\/\/foro1025.mx\/index.php?rest_route=\/wp\/v2\/posts\/6140\/revisions"}],"predecessor-version":[{"id":6144,"href":"https:\/\/foro1025.mx\/index.php?rest_route=\/wp\/v2\/posts\/6140\/revisions\/6144"}],"wp:attachment":[{"href":"https:\/\/foro1025.mx\/index.php?rest_route=%2Fwp%2Fv2%2Fmedia&parent=6140"}],"wp:term":[{"taxonomy":"category","embeddable":true,"href":"https:\/\/foro1025.mx\/index.php?rest_route=%2Fwp%2Fv2%2Fcategories&post=6140"},{"taxonomy":"post_tag","embeddable":true,"href":"https:\/\/foro1025.mx\/index.php?rest_route=%2Fwp%2Fv2%2Ftags&post=6140"}],"curies":[{"name":"wp","href":"https:\/\/api.w.org\/{rel}","templated":true}]}}