{"id":6145,"date":"2019-01-29T16:34:04","date_gmt":"2019-01-29T22:34:04","guid":{"rendered":"https:\/\/foro1025.mx\/?p=6145"},"modified":"2019-01-29T16:34:04","modified_gmt":"2019-01-29T22:34:04","slug":"aportan-propuestas-de-iniciativa-de-ley-de-desarrollo-metropolitano-para-el-valle-de-mexico","status":"publish","type":"post","link":"https:\/\/foro1025.mx\/?p=6145","title":{"rendered":"Aportan propuestas de iniciativa de ley de Desarrollo Metropolitano para el Valle de M\u00e9xico"},"content":{"rendered":"<p class=\"p5\"><i>\u2022 Inaugura Secretario General de Gobierno, Alejandro Ozuna Rivero, panel de expertos \u201cHacia la Construcci\u00f3n de un Nuevo Marco Jur\u00eddico Metropolitano para el Valle de M\u00e9xico\u201d.<\/i><\/p>\n<p class=\"p5\"><i>\u2022 Contribuir\u00e1n especialistas en la materia en la elaboraci\u00f3n de un instrumento normativo que fortalezca las relaciones intergubernamentales en la metr\u00f3poli e impulse nuevos instrumentos de gobernanza y administraci\u00f3n territorial.<\/i><\/p>\n<p class=\"p5\"><i>\u2022 Convocan a que este espacio sirva para legislar, en un ejercicio de gobiernos eficaces y ciudadanos responsables, para vivir a plenitud y libertad, as\u00ed como trazar las megal\u00f3polis bajo la construcci\u00f3n de consensos.<\/i><\/p>\n<p class=\"p5\"><b>Naucalpan, Estado de M\u00e9xico.-<\/b>Al destacar que temas de vivienda, de infraestructura el\u00e9ctrica, agua, medio ambiente, seguridad y protecci\u00f3n civil, entre otros, deben ser atendidos desde un esquema de responsabilidad compartida entre los tres \u00f3rdenes de gobierno, cuya operaci\u00f3n est\u00e9 garantizada por la ley, el Secretario General de Gobierno, Alejandro Ozuna Rivero, inaugur\u00f3 los trabajos del panel \u201cHacia la construcci\u00f3n de un Nuevo Marco Jur\u00eddico Metropolitano para el Valle de M\u00e9xico\u201d, organizado por la Secretar\u00eda de Desarrollo Urbano y Metropolitano (Seduym), que encabeza Andr\u00e9s Massieu Fern\u00e1ndez.<\/p>\n<p class=\"p5\">El funcionario mexiquense, que acudi\u00f3 con la representaci\u00f3n del Gobernador del Estado de M\u00e9xico, Alfredo Del Mazo Maza, coincidi\u00f3 con el titular de la Seduym, quien recalc\u00f3 que a trav\u00e9s de este ejercicio se busca consolidar una nueva ley que permita la coordinaci\u00f3n institucional metropolitana, mejorar los asentamientos humanos, la prestaci\u00f3n de mejores servicios p\u00fablicos de agua y drenaje, recolecci\u00f3n de residuos y desechos, y as\u00ed potenciar el desarrollo econ\u00f3mico y la competitividad.<\/p>\n<p class=\"p5\">Ozuna Rivero expuso que derivado de la reforma constitucional acerca de la naturaleza jur\u00eddica de la Ciudad de M\u00e9xico, se han desprendido diversas adecuaciones legales que inciden, por ejemplo, en el replanteamiento de los mecanismos jur\u00eddicos de coordinaci\u00f3n que demanda la planeaci\u00f3n de la Zona Metropolitana del Valle de M\u00e9xico, en este encuentro de especialistas, investigadores, acad\u00e9micos y profesionales expertos en las metr\u00f3polis.<\/p>\n<p class=\"p5\">Para cumplir con ello, dijo, los gobiernos de la Ciudad de M\u00e9xico, de Hidalgo y del Estado de M\u00e9xico arrancaron en diciembre pasado una serie de reuniones al seno del Consejo de Desarrollo Metropolitano del Valle de M\u00e9xico, con el objetivo de impulsar conjuntamente, un proyecto com\u00fan de Ley de Desarrollo Metropolitano.<\/p>\n<p class=\"p5\">\u201cEsta metr\u00f3poli, integrada por tres entidades y 76 municipios, es la morada de m\u00e1s de 21 millones de mexicanos, que hace tiempo esperan una coordinaci\u00f3n efectiva, \u00e1gil y eficaz por parte de todos los \u00e1mbitos de gobierno que aqu\u00ed inciden.<\/p>\n<p class=\"p5\">\u201cEsta adecuaci\u00f3n al marco jur\u00eddico nacional, se nos presenta como la gran oportunidad para construir entre todos, el cuerpo normativo que garantice la viabilidad de la primera metr\u00f3poli de M\u00e9xico\u201d, se\u00f1al\u00f3.<\/p>\n<p class=\"p5\">Por su parte, Massieu Fern\u00e1ndez dijo que es necesario un marco para facilitar el asociacionismo como instrumento de coordinaci\u00f3n y gobernanza metropolitana, para una eficaz prestaci\u00f3n de servicios p\u00fablicos y aprovechar las buenas pr\u00e1cticas y los casos de \u00e9xito para seguir impulsando el desarrollo integral de la Zona Metropolitana.<\/p>\n<p class=\"p5\">Por ello, indic\u00f3 que la visi\u00f3n metropolitana del Gobernador Alfredo Del Mazo Maza es propiciar una mejor calidad de vida y una mayor igualdad para los mexiquenses, con una planificaci\u00f3n integral, responsable, democr\u00e1tica y estrat\u00e9gica, plasmada en el Plan de Desarrollo del Estado de M\u00e9xico y alineada con los Objetivos de Desarrollo Sostenible de la Agenda 2030.<\/p>\n<p class=\"p5\">Antes, C\u00e9sar Camacho Quiroz, ex Gobernador de la entidad mexiquense, y Presidente de El Colegio Mexiquense, AC, asegur\u00f3 que es necesario seguir haciendo pol\u00edtica, pero con rigor t\u00e9cnico para llevar adelante la Ley de Desarrollo Metropolitano del Valle de M\u00e9xico, seg\u00fan lo dispuesto por el Art\u00edculo 122 constitucional, a fin de que la ciudadan\u00eda ejerza su libertad con plenitud y responsabilidad y que los gobiernos sean eficaces.<\/p>\n<p class=\"p5\">Expuso que hoy el reto es sumar a la acci\u00f3n gubernamental, la acci\u00f3n social de la sociedad para conseguir la acci\u00f3n p\u00fablica, a trav\u00e9s del producto del entendimiento y del consenso legislativo.<\/p>\n<p class=\"p5\">En este primer d\u00eda del panel estuvieron presentes Rodrigo Espeleta Aladro, Secretario de Justicia y Derechos Humanos, Daniel Octavio Fajardo Ortiz, Director General de Coordinaci\u00f3n Metropolitana de la Secretar\u00eda de Desarrollo Agrario, Territorial y Urbano (Sedatu), la Diputada Federal Ana Lilia Herrera Anzaldo, Secretaria de la Comisi\u00f3n de Desarrollo Metropolitano, Urbano, Ordenamiento Territorial y Movilidad, as\u00ed como el Diputado Juan Carlos Soto Ibarra, Presidente de la Comisi\u00f3n de Asuntos Metropolitanos de la LX Legislatura del Estado de M\u00e9xico.<\/p>\n","protected":false},"excerpt":{"rendered":"<div class=\"mh-excerpt\"><p>\u2022 Inaugura Secretario General de Gobierno, Alejandro Ozuna Rivero, panel de expertos \u201cHacia la Construcci\u00f3n <a class=\"mh-excerpt-more\" href=\"https:\/\/foro1025.mx\/?p=6145\" title=\"Aportan propuestas de iniciativa de ley de Desarrollo Metropolitano para el Valle de M\u00e9xico\">&#8230;<\/a><\/p>\n<\/div>","protected":false},"author":1,"featured_media":0,"comment_status":"closed","ping_status":"closed","sticky":false,"template":"","format":"standard","meta":{"footnotes":""},"categories":[13,8,39],"tags":[],"class_list":{"0":"post-6145","1":"post","2":"type-post","3":"status-publish","4":"format-standard","6":"category-estado-de-mexico","7":"category-naucalpan","8":"category-principales"},"_links":{"self":[{"href":"https:\/\/foro1025.mx\/index.php?rest_route=\/wp\/v2\/posts\/6145","targetHints":{"allow":["GET"]}}],"collection":[{"href":"https:\/\/foro1025.mx\/index.php?rest_route=\/wp\/v2\/posts"}],"about":[{"href":"https:\/\/foro1025.mx\/index.php?rest_route=\/wp\/v2\/types\/post"}],"author":[{"embeddable":true,"href":"https:\/\/foro1025.mx\/index.php?rest_route=\/wp\/v2\/users\/1"}],"replies":[{"embeddable":true,"href":"https:\/\/foro1025.mx\/index.php?rest_route=%2Fwp%2Fv2%2Fcomments&post=6145"}],"version-history":[{"count":1,"href":"https:\/\/foro1025.mx\/index.php?rest_route=\/wp\/v2\/posts\/6145\/revisions"}],"predecessor-version":[{"id":6147,"href":"https:\/\/foro1025.mx\/index.php?rest_route=\/wp\/v2\/posts\/6145\/revisions\/6147"}],"wp:attachment":[{"href":"https:\/\/foro1025.mx\/index.php?rest_route=%2Fwp%2Fv2%2Fmedia&parent=6145"}],"wp:term":[{"taxonomy":"category","embeddable":true,"href":"https:\/\/foro1025.mx\/index.php?rest_route=%2Fwp%2Fv2%2Fcategories&post=6145"},{"taxonomy":"post_tag","embeddable":true,"href":"https:\/\/foro1025.mx\/index.php?rest_route=%2Fwp%2Fv2%2Ftags&post=6145"}],"curies":[{"name":"wp","href":"https:\/\/api.w.org\/{rel}","templated":true}]}}