{"id":6169,"date":"2019-01-31T12:26:50","date_gmt":"2019-01-31T18:26:50","guid":{"rendered":"https:\/\/foro1025.mx\/?p=6169"},"modified":"2019-01-31T12:26:50","modified_gmt":"2019-01-31T18:26:50","slug":"inician-pruebas-para-funcionamiento-de-mavici","status":"publish","type":"post","link":"https:\/\/foro1025.mx\/?p=6169","title":{"rendered":"Inician pruebas para funcionamiento de MAVICI"},"content":{"rendered":"<p class=\"p2\">El pasado lunes 28 de enero, el presidente municipal de Cuautitl\u00e1n Izcalli, Ricardo N\u00fa\u00f1ez Ayala, acompa\u00f1ado con parte del cuerpo edilicio, atestiguaron la primera prueba de producci\u00f3n de asfalto del organismo descentralizado de car\u00e1cter municipal para el Mantenimiento de Vialidades (MAVICI).<\/p>\n<p class=\"p2\">Luego de que, el pasado 25 de enero, en la segunda sesi\u00f3n de Cabildo con car\u00e1cter de Extraordinario de tipo P\u00fablica, fue aprobada la revocaci\u00f3n del proyecto de decreto en el cual se declara la extinci\u00f3n del organismo.<\/p>\n<p class=\"p2\">El alcalde coment\u00f3 que la decisi\u00f3n de reactivar MAVICI, tiene un sustento, basado en un estudio junto con t\u00e9cnicos que avalan la viabilidad del proyecto \u201cno nos equivocamos en recuperar este instrumento para satisfacer la demanda de los izcallenses\u201d.<\/p>\n<p class=\"p2\">Por su parte, el encargado de despacho Juan Lauro Castell\u00f3n Huerta, coment\u00f3 que el organismo se encuentra en un \u00e1rea privilegiada rodeada de empresas que en el pasado hicieron uso del asfalto que ah\u00ed se fabrica, de tal manera que ya han mostrado inter\u00e9s algunas de ellas en seguir comprando y colaborar.<\/p>\n<p class=\"p2\">El precio del asfalto, ser\u00e1 una decisi\u00f3n del consejo directivo que sesionar\u00e1 en los pr\u00f3ximos d\u00edas y aprobar\u00e1 el costo de venta al p\u00fablico y al gobierno.<\/p>\n<p class=\"p2\">Los trabajos de producci\u00f3n comenzar\u00e1n con un promedio de 80 toneladas por hora, y se espera alcanzar el m\u00e1ximo de producci\u00f3n, de 110 toneladas en promedio, por hora.<\/p>\n","protected":false},"excerpt":{"rendered":"<div class=\"mh-excerpt\"><p>El pasado lunes 28 de enero, el presidente municipal de Cuautitl\u00e1n Izcalli, Ricardo N\u00fa\u00f1ez Ayala, <a class=\"mh-excerpt-more\" href=\"https:\/\/foro1025.mx\/?p=6169\" title=\"Inician pruebas para funcionamiento de MAVICI\">&#8230;<\/a><\/p>\n<\/div>","protected":false},"author":1,"featured_media":0,"comment_status":"closed","ping_status":"closed","sticky":false,"template":"","format":"standard","meta":{"footnotes":""},"categories":[29],"tags":[],"class_list":{"0":"post-6169","1":"post","2":"type-post","3":"status-publish","4":"format-standard","6":"category-cuautitlan-izcalli"},"_links":{"self":[{"href":"https:\/\/foro1025.mx\/index.php?rest_route=\/wp\/v2\/posts\/6169","targetHints":{"allow":["GET"]}}],"collection":[{"href":"https:\/\/foro1025.mx\/index.php?rest_route=\/wp\/v2\/posts"}],"about":[{"href":"https:\/\/foro1025.mx\/index.php?rest_route=\/wp\/v2\/types\/post"}],"author":[{"embeddable":true,"href":"https:\/\/foro1025.mx\/index.php?rest_route=\/wp\/v2\/users\/1"}],"replies":[{"embeddable":true,"href":"https:\/\/foro1025.mx\/index.php?rest_route=%2Fwp%2Fv2%2Fcomments&post=6169"}],"version-history":[{"count":1,"href":"https:\/\/foro1025.mx\/index.php?rest_route=\/wp\/v2\/posts\/6169\/revisions"}],"predecessor-version":[{"id":6171,"href":"https:\/\/foro1025.mx\/index.php?rest_route=\/wp\/v2\/posts\/6169\/revisions\/6171"}],"wp:attachment":[{"href":"https:\/\/foro1025.mx\/index.php?rest_route=%2Fwp%2Fv2%2Fmedia&parent=6169"}],"wp:term":[{"taxonomy":"category","embeddable":true,"href":"https:\/\/foro1025.mx\/index.php?rest_route=%2Fwp%2Fv2%2Fcategories&post=6169"},{"taxonomy":"post_tag","embeddable":true,"href":"https:\/\/foro1025.mx\/index.php?rest_route=%2Fwp%2Fv2%2Ftags&post=6169"}],"curies":[{"name":"wp","href":"https:\/\/api.w.org\/{rel}","templated":true}]}}