{"id":6172,"date":"2019-01-31T12:29:33","date_gmt":"2019-01-31T18:29:33","guid":{"rendered":"https:\/\/foro1025.mx\/?p=6172"},"modified":"2019-01-31T12:29:33","modified_gmt":"2019-01-31T18:29:33","slug":"participa-naucalpan-en-panel-para-crear-marco-juridico-metropolitano","status":"publish","type":"post","link":"https:\/\/foro1025.mx\/?p=6172","title":{"rendered":"Participa Naucalpan en panel para crear marco jur\u00eddico metropolitano"},"content":{"rendered":"<ul>\n<li class=\"p4\"><i>En un dialogo abierto y transparente, participan autoridades de los tres \u00f3rdenes de gobierno.<\/i><\/li>\n<\/ul>\n<p class=\"p4\">La Presidenta Municipal, Patricia Dur\u00e1n Reveles, particip\u00f3 en el panel de expertos \u201cHacia la Construcci\u00f3n de un Nuevo Marco Jur\u00eddico Metropolitano para el Valle de M\u00e9xico\u201d, con el que se buscan soluciones a problemas regionales.<\/p>\n<p class=\"p4\">El evento, que se inaugur\u00f3 este martes en el Parque Naucalli, convoc\u00f3 a diputados federales, estatales, autoridades de los tres \u00f3rdenes de gobierno y representantes de la sociedad civil, quienes aportaron ideas y experiencias en torno a retos comunes.<\/p>\n<p class=\"p4\">La Alcaldesa resalt\u00f3 la importancia de este trabajo y el impulso que realizan el gobierno federal, de la Ciudad de M\u00e9xico y de los estados de M\u00e9xico e Hidalgo para una nueva iniciativa de Ley de Desarrollo Metropolitano.<\/p>\n<p class=\"p4\">\u201cEs importante que se potencialicen las ventajas de la concentraci\u00f3n humana en esta megal\u00f3polis, convirti\u00e9ndolas en oportunidades para trabajar en la mitigaci\u00f3n de los efectos adversos que la circunstancias nos presentan\u201d, dijo.<\/p>\n<p class=\"p4\">Dur\u00e1n Reveles resalt\u00f3 que, por parte del Gobierno de Naucalpan, se cre\u00f3 la Coordinaci\u00f3n General de Estudios y Proyectos Metropolitanos, para sumar esfuerzos, talento, voluntades y recursos para la soluci\u00f3n de diversos retos regionales.<\/p>\n<p class=\"p4\">La megal\u00f3polis del Valle de M\u00e9xico tiene una de las concentraciones humanas m\u00e1s grandes de Am\u00e9rica Latina, y el Estado de M\u00e9xico es una de las entidades que m\u00e1s ha crecido en los \u00faltimos a\u00f1os, se\u00f1al\u00f3 durante su intervenci\u00f3n C\u00e9sar Camacho Quiroz, presidente del Colegio Mexiquense, instituci\u00f3n que particip\u00f3 en la organizaci\u00f3n del foro.<\/p>\n<p class=\"p4\">\u201cEn 15 a\u00f1os tenemos 3 millones de personas m\u00e1s, hagamos de cuenta que nos anexaron en este tiempo a la poblaci\u00f3n completa del estado de Sonora\u201d, indic\u00f3.<\/p>\n<p class=\"p4\">La megal\u00f3polis del Valle de M\u00e9xico est\u00e1 integrada por 3 entidades (CDMX, Estado de M\u00e9xico e Hidalgo) y 76 municipios, donde viven alrededor de 21 millones de personas.<\/p>\n<p class=\"p4\">El Secretario de Gobierno del Estado de M\u00e9xico, Alejandro Ozuna Rivero, reconoci\u00f3 el inter\u00e9s de las autoridades para trabajar y consolidar una iniciativa de Ley, ya que ante el gran crecimiento poblacional de la zona metropolitana se necesitan nuevos mecanismos reguladores.<\/p>\n<p class=\"p4\">El panel de expertos constar\u00e1 de cuatro mesas, y la primera de ellas inici\u00f3 con la conferencia magistral impartida por Alfonso Iracheta, \u201cLos Retos de la Pol\u00edtica Metropolitana\u201d.<\/p>\n","protected":false},"excerpt":{"rendered":"<div class=\"mh-excerpt\"><p>En un dialogo abierto y transparente, participan autoridades de los tres \u00f3rdenes de gobierno. La <a class=\"mh-excerpt-more\" href=\"https:\/\/foro1025.mx\/?p=6172\" title=\"Participa Naucalpan en panel para crear marco jur\u00eddico metropolitano\">&#8230;<\/a><\/p>\n<\/div>","protected":false},"author":1,"featured_media":0,"comment_status":"closed","ping_status":"closed","sticky":false,"template":"","format":"standard","meta":{"footnotes":""},"categories":[8,39],"tags":[],"class_list":{"0":"post-6172","1":"post","2":"type-post","3":"status-publish","4":"format-standard","6":"category-naucalpan","7":"category-principales"},"_links":{"self":[{"href":"https:\/\/foro1025.mx\/index.php?rest_route=\/wp\/v2\/posts\/6172","targetHints":{"allow":["GET"]}}],"collection":[{"href":"https:\/\/foro1025.mx\/index.php?rest_route=\/wp\/v2\/posts"}],"about":[{"href":"https:\/\/foro1025.mx\/index.php?rest_route=\/wp\/v2\/types\/post"}],"author":[{"embeddable":true,"href":"https:\/\/foro1025.mx\/index.php?rest_route=\/wp\/v2\/users\/1"}],"replies":[{"embeddable":true,"href":"https:\/\/foro1025.mx\/index.php?rest_route=%2Fwp%2Fv2%2Fcomments&post=6172"}],"version-history":[{"count":1,"href":"https:\/\/foro1025.mx\/index.php?rest_route=\/wp\/v2\/posts\/6172\/revisions"}],"predecessor-version":[{"id":6174,"href":"https:\/\/foro1025.mx\/index.php?rest_route=\/wp\/v2\/posts\/6172\/revisions\/6174"}],"wp:attachment":[{"href":"https:\/\/foro1025.mx\/index.php?rest_route=%2Fwp%2Fv2%2Fmedia&parent=6172"}],"wp:term":[{"taxonomy":"category","embeddable":true,"href":"https:\/\/foro1025.mx\/index.php?rest_route=%2Fwp%2Fv2%2Fcategories&post=6172"},{"taxonomy":"post_tag","embeddable":true,"href":"https:\/\/foro1025.mx\/index.php?rest_route=%2Fwp%2Fv2%2Ftags&post=6172"}],"curies":[{"name":"wp","href":"https:\/\/api.w.org\/{rel}","templated":true}]}}