{"id":6175,"date":"2019-01-31T12:32:16","date_gmt":"2019-01-31T18:32:16","guid":{"rendered":"https:\/\/foro1025.mx\/?p=6175"},"modified":"2019-01-31T12:32:16","modified_gmt":"2019-01-31T18:32:16","slug":"primera-rodada-en-bici-conoce-tu-municipio","status":"publish","type":"post","link":"https:\/\/foro1025.mx\/?p=6175","title":{"rendered":"Primera rodada \u00abEn Bici Conoce Tu Municipio\u00bb"},"content":{"rendered":"<p class=\"p2\">Con el objetivo de fomentar la convivencia y el desarrollo integral de la juventud, as\u00ed como el conocimiento del municipio, el Instituto Municipal de la Juventud (IMJUCI) en coordinaci\u00f3n con el Instituto Municipal del Deporte (INMUDECI) y la Direcci\u00f3n de Arte, Cultura e Identidad, llevaron a cabo la primer rodada \u201cEn Bici Conoce tu Municipio\u201d.<\/p>\n<p class=\"p2\">Previo al recorrido, se realiz\u00f3 un calentamiento dirigido por INMUDECI, posteriormente se dio arranque en las instalaciones del IMJUCI rumbo al Parque de la Familia en un viaje redondo en el que la seguridad corri\u00f3 a cargo de la Comisar\u00eda de Seguridad P\u00fablica y Tr\u00e1nsito Municipal, quien resguard\u00f3 a los participantes en todo momento durante el recorrido.<\/p>\n<p class=\"p2\">Una vez en el parque de la Familia se ofrecieron diferentes actividades culturales, en las que participaron ni\u00f1as, ni\u00f1os, j\u00f3venes y adultos izcallenses. Adem\u00e1s, se estableci\u00f3 un punto de hidrataci\u00f3n en la que se sum\u00f3 la empresa mexicana Boing, con agua y jugos.<\/p>\n<p class=\"p2\">As\u00ed mismo, el Comisario, Juan Daniel R\u00edos Garrido, destac\u00f3 la importancia de llevar a la pr\u00e1ctica este tipo de actividades relacionadas con el deporte, ejercicio y recreaci\u00f3n, ya que representan un beneficio en desarrollo de los j\u00f3venes y la seguridad del municipio.<\/p>\n<p class=\"p2\">Para finalizar, la encargada de despacho del IMJUCI, Mar\u00eda de Lourdes F\u00e9lix, explic\u00f3 que se planea extender este programa con rodadas cada dos o tres semanas en diferentes puntos estrat\u00e9gicos del municipio e invit\u00f3 a los j\u00f3venes de Izcalli a \u201cque vivamos y experimentemos nuestro municipio de a forma diferente, en la que podamos convivir como comunidad y donde estemos tejiendo lazos entre todos\u201d, concluy\u00f3.<\/p>\n","protected":false},"excerpt":{"rendered":"<div class=\"mh-excerpt\"><p>Con el objetivo de fomentar la convivencia y el desarrollo integral de la juventud, as\u00ed <a class=\"mh-excerpt-more\" href=\"https:\/\/foro1025.mx\/?p=6175\" title=\"Primera rodada \u00abEn Bici Conoce Tu Municipio\u00bb\">&#8230;<\/a><\/p>\n<\/div>","protected":false},"author":1,"featured_media":0,"comment_status":"closed","ping_status":"closed","sticky":false,"template":"","format":"standard","meta":{"footnotes":""},"categories":[29],"tags":[],"class_list":{"0":"post-6175","1":"post","2":"type-post","3":"status-publish","4":"format-standard","6":"category-cuautitlan-izcalli"},"_links":{"self":[{"href":"https:\/\/foro1025.mx\/index.php?rest_route=\/wp\/v2\/posts\/6175","targetHints":{"allow":["GET"]}}],"collection":[{"href":"https:\/\/foro1025.mx\/index.php?rest_route=\/wp\/v2\/posts"}],"about":[{"href":"https:\/\/foro1025.mx\/index.php?rest_route=\/wp\/v2\/types\/post"}],"author":[{"embeddable":true,"href":"https:\/\/foro1025.mx\/index.php?rest_route=\/wp\/v2\/users\/1"}],"replies":[{"embeddable":true,"href":"https:\/\/foro1025.mx\/index.php?rest_route=%2Fwp%2Fv2%2Fcomments&post=6175"}],"version-history":[{"count":1,"href":"https:\/\/foro1025.mx\/index.php?rest_route=\/wp\/v2\/posts\/6175\/revisions"}],"predecessor-version":[{"id":6177,"href":"https:\/\/foro1025.mx\/index.php?rest_route=\/wp\/v2\/posts\/6175\/revisions\/6177"}],"wp:attachment":[{"href":"https:\/\/foro1025.mx\/index.php?rest_route=%2Fwp%2Fv2%2Fmedia&parent=6175"}],"wp:term":[{"taxonomy":"category","embeddable":true,"href":"https:\/\/foro1025.mx\/index.php?rest_route=%2Fwp%2Fv2%2Fcategories&post=6175"},{"taxonomy":"post_tag","embeddable":true,"href":"https:\/\/foro1025.mx\/index.php?rest_route=%2Fwp%2Fv2%2Ftags&post=6175"}],"curies":[{"name":"wp","href":"https:\/\/api.w.org\/{rel}","templated":true}]}}