{"id":6192,"date":"2019-01-31T12:41:48","date_gmt":"2019-01-31T18:41:48","guid":{"rendered":"https:\/\/foro1025.mx\/?p=6192"},"modified":"2019-01-31T12:41:48","modified_gmt":"2019-01-31T18:41:48","slug":"nombra-operagua-titulares-del-agua","status":"publish","type":"post","link":"https:\/\/foro1025.mx\/?p=6192","title":{"rendered":"Nombra OPERAGUA titulares del agua"},"content":{"rendered":"<p class=\"p2\">El Consejo Directivo de OPERAGUA Izcalli nombr\u00f3 a los nuevos titulares de \u00e1rea que representan la columna vertebral del organismo, a fin de que los nuevos directores y coordinadores se encarguen de la buena operatividad de sus respectivas \u00e1reas y hacerlo sustentable para los usuarios, financiera y administrativamente.<\/p>\n<p class=\"p2\">En el marco de la primera sesi\u00f3n ordinaria del Consejo Directivo de OPERAGUA y tras la instalaci\u00f3n del mismo, el alcalde de Cuautitl\u00e1n Izcalli, Ricardo N\u00fa\u00f1ez Ayala, en calidad de presidente del consejo, tom\u00f3 protesta a los nuevos titulares quedando de la siguiente forma.<\/p>\n<p class=\"p2\">Director de Construcci\u00f3n y Operaci\u00f3n Hidr\u00e1ulica, Jaime Guti\u00e9rrez Tejeda; Direcci\u00f3n de Comercializaci\u00f3n, Antonio Bellido B\u00e1rcena; Direcci\u00f3n de Administraci\u00f3n y Finanzas, Aldebahram Arai Fuentes Ramos; Contralor\u00eda Interna, Juan Manuel Rodr\u00edguez Franco; Coordinaci\u00f3n Jur\u00eddica, Alejandro Pohlenz Rom\u00e1n; Coordinaci\u00f3n de Cultura del Agua y Comunicaci\u00f3n Social, Valeria Ruiz Brown; Secretar\u00eda T\u00e9cnica, Mart\u00edn Guerrero Baeza.<\/p>\n<p class=\"p2\">El presidente municipal de Cuautitl\u00e1n Izcalli, Ricardo N\u00fa\u00f1ez Ayala, exhort\u00f3 a los directores y coordinadores a dar lo mejor de s\u00ed en sus respectivas \u00e1reas a fin de otorgar un servicio de calidad acorde a las necesidades de la gente; por su<\/p>\n<p class=\"p2\">parte, el Ingeniero Paulino Solano Pineda, encargado de despacho del organismo OPERAGUA Izcalli, coment\u00f3 que el esquema de trabajo al interior del Organismo ser\u00e1 bajo los principios de compromiso, trabajo y calidad en la atenci\u00f3n a fin de hacer de OPERAGUA un organismo auto sustentable.<\/p>\n<p class=\"p2\">El Consejo Directivo de OPERAGUA qued\u00f3 integrado de la siguiente manera: Ricardo N\u00fa\u00f1ez Ayala, Presidente; Paulino Solano Pineda, Secretario T\u00e9cnico; Mar\u00eda Alejandra Miranda Res\u00e9ndiz, propuesta como Comisario; Mar\u00eda Magdalena Maldonado Gonz\u00e1lez, Primer Vocal; Paul Mart\u00ednez Garc\u00eda, Segundo Vocal; Ernesto Javier Hern\u00e1ndez Torres, Tercer Vocal; Joanna Alejandra Felipe Torres,Representante del Ayuntamiento y Jorge Arturo Hern\u00e1ndez Dur\u00e1n, Representante de la Comisi\u00f3n de Agua del estado de M\u00e9xico (CAEM).<\/p>\n<p class=\"p2\">Durante la sesi\u00f3n ordinaria de consejo directivo, se aprob\u00f3 la conformaci\u00f3n de los siguientes comit\u00e9s: Comit\u00e9 de bienes muebles e inmuebles, Comit\u00e9 de obra, Comit\u00e9 de adquisiciones y servicios, Comit\u00e9 de transparencia y Comit\u00e9 de mejora regulatoria, as\u00ed como la imagen corporativa del organismo para los siguientes tres a\u00f1os.<\/p>\n","protected":false},"excerpt":{"rendered":"<div class=\"mh-excerpt\"><p>El Consejo Directivo de OPERAGUA Izcalli nombr\u00f3 a los nuevos titulares de \u00e1rea que representan <a class=\"mh-excerpt-more\" href=\"https:\/\/foro1025.mx\/?p=6192\" title=\"Nombra OPERAGUA titulares del agua\">&#8230;<\/a><\/p>\n<\/div>","protected":false},"author":1,"featured_media":0,"comment_status":"closed","ping_status":"closed","sticky":false,"template":"","format":"standard","meta":{"footnotes":""},"categories":[29],"tags":[],"class_list":{"0":"post-6192","1":"post","2":"type-post","3":"status-publish","4":"format-standard","6":"category-cuautitlan-izcalli"},"_links":{"self":[{"href":"https:\/\/foro1025.mx\/index.php?rest_route=\/wp\/v2\/posts\/6192","targetHints":{"allow":["GET"]}}],"collection":[{"href":"https:\/\/foro1025.mx\/index.php?rest_route=\/wp\/v2\/posts"}],"about":[{"href":"https:\/\/foro1025.mx\/index.php?rest_route=\/wp\/v2\/types\/post"}],"author":[{"embeddable":true,"href":"https:\/\/foro1025.mx\/index.php?rest_route=\/wp\/v2\/users\/1"}],"replies":[{"embeddable":true,"href":"https:\/\/foro1025.mx\/index.php?rest_route=%2Fwp%2Fv2%2Fcomments&post=6192"}],"version-history":[{"count":1,"href":"https:\/\/foro1025.mx\/index.php?rest_route=\/wp\/v2\/posts\/6192\/revisions"}],"predecessor-version":[{"id":6194,"href":"https:\/\/foro1025.mx\/index.php?rest_route=\/wp\/v2\/posts\/6192\/revisions\/6194"}],"wp:attachment":[{"href":"https:\/\/foro1025.mx\/index.php?rest_route=%2Fwp%2Fv2%2Fmedia&parent=6192"}],"wp:term":[{"taxonomy":"category","embeddable":true,"href":"https:\/\/foro1025.mx\/index.php?rest_route=%2Fwp%2Fv2%2Fcategories&post=6192"},{"taxonomy":"post_tag","embeddable":true,"href":"https:\/\/foro1025.mx\/index.php?rest_route=%2Fwp%2Fv2%2Ftags&post=6192"}],"curies":[{"name":"wp","href":"https:\/\/api.w.org\/{rel}","templated":true}]}}