{"id":6863,"date":"2019-03-08T12:43:09","date_gmt":"2019-03-08T18:43:09","guid":{"rendered":"https:\/\/foro1025.mx\/?p=6863"},"modified":"2019-03-08T12:43:09","modified_gmt":"2019-03-08T18:43:09","slug":"impulsa-naucalpan-emprendimiento-social","status":"publish","type":"post","link":"https:\/\/foro1025.mx\/?p=6863","title":{"rendered":"Impulsa Naucalpan emprendimiento social"},"content":{"rendered":"<p>A trav\u00e9s del programa Naucalpan Emprende, el Ayuntamiento habilitar\u00e1 su Plataforma de Gesti\u00f3n Comunitaria con la que brindar\u00e1 a ciudadanos v\u00edas para concretar proyectos dentro de sus comunidades, adem\u00e1s de que servir\u00e1 como canal de comunicaci\u00f3n para sumar talentos.<\/p>\n<p>El proyecto plantea la participaci\u00f3n de diversas dependencias del Municipio, empresas y organizaciones de la sociedad civil, para el dise\u00f1o y atenci\u00f3n de los problemas m\u00e1s apremiantes de cada localidad, los cuales ser\u00e1n canalizados y monitoreados por los desarrolladores.<\/p>\n<p>\u201cEl Ayuntamiento de Naucalpan se enfrenta a los retos de atenci\u00f3n ciudadana, transparencia y rendici\u00f3n de cuentas aunados a resolver las problem\u00e1ticas m\u00e1s urgentes de los mexicanos: la inseguridad y el incremento de la violencia, as\u00ed como la pobreza y la marginaci\u00f3n\u201d, plantea el proyecto de la Plataforma de Gesti\u00f3n Comunitaria.<\/p>\n<p>De acuerdo con el titular de Naucalpan Emprende, Jorge Antonio Salazar Alfaro, la estrategia busca alcanzar a ni\u00f1os, adolescentes y adultos, emprendedores, PyMEs y empresas emergentes, para incrementar la econom\u00eda del Municipio, as\u00ed como a generar an\u00e1lisis estad\u00edsticos, diagn\u00f3sticos y la homologaci\u00f3n de procesos.<\/p>\n<p>El titular de la Direcci\u00f3n de Financiamiento de Negocios, Erick Carrillo Vargas, reiter\u00f3 que se impulsar\u00e1 a los peque\u00f1os y medianos negocios, a trav\u00e9s de pr\u00e9stamos a microempresarios y empresas consolidadas, con un monto inicial de 5 y 10 mil pesos respectivamente.<\/p>\n<p>Adem\u00e1s de la plataforma de vinculaci\u00f3n comunitaria, se construir\u00e1 en Naucalpan Centro la Incubadora de Empresas, en la que los emprendedores podr\u00e1n acudir para ser asistidos en el desarrollo de su proyecto y relacionarse con otros casos de \u00e9xito.<\/p>\n<p>Salazar Alfaro afirm\u00f3 que el programa ser\u00e1 fortalecido con el ciclo de conferencias tituladas ADN Emprendedor, que ser\u00e1 llevado a universidades y foros municipales, en los que se contar\u00e1 con panelistas reconocidos.<\/p>\n","protected":false},"excerpt":{"rendered":"<div class=\"mh-excerpt\"><p>A trav\u00e9s del programa Naucalpan Emprende, el Ayuntamiento habilitar\u00e1 su Plataforma de Gesti\u00f3n Comunitaria con <a class=\"mh-excerpt-more\" href=\"https:\/\/foro1025.mx\/?p=6863\" title=\"Impulsa Naucalpan emprendimiento social\">&#8230;<\/a><\/p>\n<\/div>","protected":false},"author":1,"featured_media":0,"comment_status":"closed","ping_status":"closed","sticky":false,"template":"","format":"standard","meta":{"footnotes":""},"categories":[8],"tags":[],"class_list":{"0":"post-6863","1":"post","2":"type-post","3":"status-publish","4":"format-standard","6":"category-naucalpan"},"_links":{"self":[{"href":"https:\/\/foro1025.mx\/index.php?rest_route=\/wp\/v2\/posts\/6863","targetHints":{"allow":["GET"]}}],"collection":[{"href":"https:\/\/foro1025.mx\/index.php?rest_route=\/wp\/v2\/posts"}],"about":[{"href":"https:\/\/foro1025.mx\/index.php?rest_route=\/wp\/v2\/types\/post"}],"author":[{"embeddable":true,"href":"https:\/\/foro1025.mx\/index.php?rest_route=\/wp\/v2\/users\/1"}],"replies":[{"embeddable":true,"href":"https:\/\/foro1025.mx\/index.php?rest_route=%2Fwp%2Fv2%2Fcomments&post=6863"}],"version-history":[{"count":1,"href":"https:\/\/foro1025.mx\/index.php?rest_route=\/wp\/v2\/posts\/6863\/revisions"}],"predecessor-version":[{"id":6865,"href":"https:\/\/foro1025.mx\/index.php?rest_route=\/wp\/v2\/posts\/6863\/revisions\/6865"}],"wp:attachment":[{"href":"https:\/\/foro1025.mx\/index.php?rest_route=%2Fwp%2Fv2%2Fmedia&parent=6863"}],"wp:term":[{"taxonomy":"category","embeddable":true,"href":"https:\/\/foro1025.mx\/index.php?rest_route=%2Fwp%2Fv2%2Fcategories&post=6863"},{"taxonomy":"post_tag","embeddable":true,"href":"https:\/\/foro1025.mx\/index.php?rest_route=%2Fwp%2Fv2%2Ftags&post=6863"}],"curies":[{"name":"wp","href":"https:\/\/api.w.org\/{rel}","templated":true}]}}