{"id":6871,"date":"2019-03-08T13:02:10","date_gmt":"2019-03-08T19:02:10","guid":{"rendered":"https:\/\/foro1025.mx\/?p=6871"},"modified":"2019-03-08T13:02:10","modified_gmt":"2019-03-08T19:02:10","slug":"autoridades-del-ayuntamiento-se-reunen-para-crear-crentro-de-valorizacion-en-cidesi","status":"publish","type":"post","link":"https:\/\/foro1025.mx\/?p=6871","title":{"rendered":"Autoridades del ayuntamiento se re\u00fanen para crear Crentro de Valorizaci\u00f3n en CIDESI"},"content":{"rendered":"<p class=\"p1\">El presidente de Cuautitl\u00e1n Izcalli, Ricardo N\u00fa\u00f1ez Ayala, acudi\u00f3 al Centro de Ingenier\u00eda y Desarrollo Industrial (CIDESI), donde recibi\u00f3 una propuesta para crear un Centro de Valorizaci\u00f3n en el municipio.<\/p>\n<p class=\"p1\">Dicho centro tiene como objetivo principal la gesti\u00f3n de los residuos s\u00f3lidos, urbano, y de manejo especial, que puedan monetizarse y as\u00ed aprovechar los desechos que generan los diferentes parques industriales dentro del territorio izcallense.<\/p>\n<p class=\"p1\">El alcalde Ricardo N\u00fa\u00f1ez, dijo que estos proyectos son de suma importancia para el municipio y el cuidado del medio ambiente, adem\u00e1s, agreg\u00f3 que la manera de financiar el centro de valorizaci\u00f3n ser\u00eda con ayuda de la inversi\u00f3n privada, pues existen diferentes empresarios interesados en invertir en nuevos proyectos.<\/p>\n<p class=\"p1\">Tambi\u00e9n agreg\u00f3 que Cuautitl\u00e1n Izcalli se encuentra en una posici\u00f3n privilegiada dentro de la entidad mexiquense, en la que los municipios aleda\u00f1os pueden contratar los servicios del centro de valorizaci\u00f3n.<\/p>\n","protected":false},"excerpt":{"rendered":"<div class=\"mh-excerpt\"><p>El presidente de Cuautitl\u00e1n Izcalli, Ricardo N\u00fa\u00f1ez Ayala, acudi\u00f3 al Centro de Ingenier\u00eda y Desarrollo <a class=\"mh-excerpt-more\" href=\"https:\/\/foro1025.mx\/?p=6871\" title=\"Autoridades del ayuntamiento se re\u00fanen para crear Crentro de Valorizaci\u00f3n en CIDESI\">&#8230;<\/a><\/p>\n<\/div>","protected":false},"author":1,"featured_media":0,"comment_status":"closed","ping_status":"closed","sticky":false,"template":"","format":"standard","meta":{"footnotes":""},"categories":[29],"tags":[],"class_list":{"0":"post-6871","1":"post","2":"type-post","3":"status-publish","4":"format-standard","6":"category-cuautitlan-izcalli"},"_links":{"self":[{"href":"https:\/\/foro1025.mx\/index.php?rest_route=\/wp\/v2\/posts\/6871","targetHints":{"allow":["GET"]}}],"collection":[{"href":"https:\/\/foro1025.mx\/index.php?rest_route=\/wp\/v2\/posts"}],"about":[{"href":"https:\/\/foro1025.mx\/index.php?rest_route=\/wp\/v2\/types\/post"}],"author":[{"embeddable":true,"href":"https:\/\/foro1025.mx\/index.php?rest_route=\/wp\/v2\/users\/1"}],"replies":[{"embeddable":true,"href":"https:\/\/foro1025.mx\/index.php?rest_route=%2Fwp%2Fv2%2Fcomments&post=6871"}],"version-history":[{"count":1,"href":"https:\/\/foro1025.mx\/index.php?rest_route=\/wp\/v2\/posts\/6871\/revisions"}],"predecessor-version":[{"id":6873,"href":"https:\/\/foro1025.mx\/index.php?rest_route=\/wp\/v2\/posts\/6871\/revisions\/6873"}],"wp:attachment":[{"href":"https:\/\/foro1025.mx\/index.php?rest_route=%2Fwp%2Fv2%2Fmedia&parent=6871"}],"wp:term":[{"taxonomy":"category","embeddable":true,"href":"https:\/\/foro1025.mx\/index.php?rest_route=%2Fwp%2Fv2%2Fcategories&post=6871"},{"taxonomy":"post_tag","embeddable":true,"href":"https:\/\/foro1025.mx\/index.php?rest_route=%2Fwp%2Fv2%2Ftags&post=6871"}],"curies":[{"name":"wp","href":"https:\/\/api.w.org\/{rel}","templated":true}]}}