{"id":6874,"date":"2019-03-08T13:03:14","date_gmt":"2019-03-08T19:03:14","guid":{"rendered":"https:\/\/foro1025.mx\/?p=6874"},"modified":"2019-03-12T12:51:34","modified_gmt":"2019-03-12T18:51:34","slug":"6874","status":"publish","type":"post","link":"https:\/\/foro1025.mx\/?p=6874","title":{"rendered":"Reafirman diputados de MORENA compromiso con el proyecto alternativo de naci\u00f3n de AMLO"},"content":{"rendered":"<p class=\"p5\">Los temas relacionados con las pol\u00edticas p\u00fablicas del proyecto alternativo de naci\u00f3n encabezado por el presidente Andr\u00e9s Manuel L\u00f3pez Obrador, como la creaci\u00f3n de la Guardia Nacional, son los m\u00e1s relevantes para el Grupo Parlamentario de morena en la 60 Legislatura mexiquense, anunci\u00f3 su coordinador, el diputado Maurilio Hern\u00e1ndez Gonz\u00e1lez.<\/p>\n<p class=\"p5\">En conferencia de prensa, explic\u00f3 que a los integrantes del Grupo Parlamentario de morena los mueve la convicci\u00f3n de transformar las actuales circunstancias y que para eso necesitan abonar con su trabajo y esfuerzo a los cambios estructurales, legales, sociales y pol\u00edticos que se requieran en la entidad.<\/p>\n<p class=\"p5\">Enfatiz\u00f3 que los poderes f\u00e1cticos se siguen resistiendo a dichos cambios, incluso a trav\u00e9s de instituciones p\u00fablicas, por lo que al interior de su bancada han fortalecido la cohesi\u00f3n \u201cpara no dar pauta a que intereses externos traten de vulnerar la unidad y sobre todo, la moral de este grupo parlamentario\u201d.<\/p>\n<p class=\"p5\">El tambi\u00e9n presidente de la Junta de Coordinaci\u00f3n Pol\u00edtica subray\u00f3 que su visi\u00f3n est\u00e1 orientada a abonar a la construcci\u00f3n del entramado jur\u00eddico y de la convivencia pol\u00edtica, para transitar de manera pac\u00edfica y ordenada, hacia la renovaci\u00f3n y democratizaci\u00f3n de las instituciones para corresponder al reclamo de la sociedad.<\/p>\n<p class=\"p5\">Al dar a conocer parte de los temas que abordar\u00e1n durante el Segundo Periodo Ordinario de Sesiones, indic\u00f3 que su bancada abordar\u00e1 los trabajos en el Pleno con optimismo y consciencia de la responsabilidad de orientar las mejores causas requeridas por la sociedad mexiquense para corregir la legislaci\u00f3n estatal.<\/p>\n<p class=\"p5\">Sobre la Ley de la Universidad Aut\u00f3noma del Estado de M\u00e9xico (UAEMex) explic\u00f3 que su grupo parlamentario ha sugerido al Ejecutivo y al conjunto de acad\u00e9micos, docentes y estudiantes que integren sus propuestas para conformar una sola iniciativa y anunci\u00f3 que un comit\u00e9 de diputados de morena acompa\u00f1ar\u00e1n el proceso de creaci\u00f3n de esta legislaci\u00f3n.<\/p>\n<p class=\"p5\">Respecto a la conformaci\u00f3n de la Ley de Seguridad Social para los Servidores P\u00fablicos del Estado de M\u00e9xico y Municipios, dijo que la Junta de Coordinaci\u00f3n Pol\u00edtica acord\u00f3 que cada grupo parlamentario trabaje en propuestas para posteriormente establecer mesas de trabajo con el Issemym, empleadores y trabajadores para que la reforma sea integral y con el objetivo de garantizar la viabilidad del instituto a partir de su fortalecimiento estructural y su saneamiento financiero, del combate a la corrupci\u00f3n y de la revisi\u00f3n de sus saldos negativos y sus or\u00edgenes.<\/p>\n<p class=\"p5\">En materia de matrimonios igualitarios indic\u00f3 que en morena son respetuosos de los intereses y derechos de la sociedad, y toda vez que consideraron que la iniciativa presentada por los diputados del PRD no es suficiente, dijo que se debe ir m\u00e1s a fondo para lograr un mejor marco jur\u00eddico, ya que la Suprema Corte de la Naci\u00f3n han establecido el derecho de cualquier ciudadano al matrimonio y a la adopci\u00f3n.<\/p>\n<p class=\"p5\">Destac\u00f3 la existencia de 23 dictamenes aprobados en comisiones que forman parte del actual periodo de sesiones, entre estos, para quitar privilegios a los exgobernadores, as\u00ed como las relacionadas con mejorar la seguridad de los mexiquenses en el transporte, entre otros temas que involucran el an\u00e1lisis de la Ley de Fiscalizaci\u00f3n Superior del Estado de M\u00e9xico, de la Ley Org\u00e1nica del Poder Legislativo y sobre los presos pol\u00edticos, asunto que forma parte de la agenda nacional y que los diputados locales han acompa\u00f1ado a petici\u00f3n de la ciudadan\u00eda.<\/p>\n<p class=\"p5\">Maurilio Hern\u00e1ndez inform\u00f3 que el Segundo Periodo Ordinario contar\u00e1 con 16 sesiones ordinarias que se realizar\u00e1n en marzo y abril, aunque indic\u00f3 que si es necesario tambi\u00e9n se realizar\u00e1n periodos extraordinarios posteriormente, pues no dejar\u00e1n rezagos hist\u00f3ricos.<\/p>\n<p class=\"p5\">El diputado Valent\u00edn Gonz\u00e1lez Bautista resalt\u00f3 que por primera vez el Poder Legislativo ejerce sus funciones plenamente, lo que se ha visto reflejado en las condiciones en las que se present\u00f3 el Informe de Gobierno del Poder Ejecutivo, ya que llam\u00f3 a comparecer a ocho titulares de las dependencias para explicar a detalle sus acciones y resultados.<\/p>\n<p class=\"p5\">Record\u00f3 que por primera vez se modific\u00f3 el presupuesto enviado por el Poder Ejecutivo y se hicieron ajustes y reasignaciones, adem\u00e1s de que se redujeron los presupuestos de los poderes Ejecutivo, Legislativo y Judicial, lo cual permiti\u00f3 la redistribuci\u00f3n de 4 mil millones de pesos. Tambi\u00e9n reconoci\u00f3 el trabajo de todos los grupos parlamentarios por su sensibilidad para llegar a acuerdos en beneficio de los mexiquenses.<\/p>\n<p class=\"p5\">El diputado Tanech S\u00e1nchez \u00c1ngeles, presidente de la Comisi\u00f3n Legislativa de Vigilancia del \u00d3rgano Superior de Fiscalizaci\u00f3n, explic\u00f3 que se ha planteado fortalecer la ley de la materia para que la Legislatura tenga m\u00e1s herramientas a favor de la transparencia y la rendici\u00f3n de cuentas y que sume al combate de la corrupci\u00f3n. Agreg\u00f3 que contin\u00faa la revisi\u00f3n del Informe sobre las Cuentas P\u00fablicas del 2017.<\/p>\n<p class=\"p5\">Como presidente de la Comisi\u00f3n de Comunicaciones y Transportes, el diputado Nazario Guti\u00e9rrez Mart\u00ednez destac\u00f3 que han tenido reuniones con la Secretar\u00eda de Movilidad para avanzar en los temas de regularizaci\u00f3n del transporte y con la Fiscal\u00eda General de Justicia del Estado de M\u00e9xico para mejorar la seguridad de los usuarios; a\u00f1adi\u00f3 que morena en el Congreso local ha impulsado iniciativas sobre la licencia permanente, el reemplacamiento y la actualizaci\u00f3n de tr\u00e1mites.<\/p>\n<p class=\"p5\">Otros temas relevantes para morena en este Segundo Periodo Ordinario, son la Ley que Regula el Uso de la Fuerza P\u00fablica en el Estado de M\u00e9xico, la Ley de Remuneraciones de los Servidores P\u00fablicos del Estado de M\u00e9xico y Municipios, la Ley de los Institutos de Planeaci\u00f3n Municipal del Estado de M\u00e9xico y la Ley de Desaparici\u00f3n Forzada de Personas en el Estado de M\u00e9xico.<\/p>\n<p class=\"p5\">Destacan tambi\u00e9n, iniciativas de reforma a la Ley del Sistema Anticorrupci\u00f3n del Estado de M\u00e9xico y Municipios, la Ley de Movilidad del Estado de M\u00e9xico, la Ley del Acceso de las Mujeres a una Vida Libre de Violencia en el Estado de M\u00e9xico para incorporar a ni\u00f1as y adolescentes a la alerta de g\u00e9nero y a la Ley Org\u00e1nica Municipal del Estado de M\u00e9xico para crear los comit\u00e9s edilicios de l\u00edmites territoriales.<\/p>\n<p class=\"p5\">Impulsar\u00e1n acciones para ampliar la participaci\u00f3n ciudadana en el funcionamiento de los 125 ayuntamientos de la entidad mediante la promoci\u00f3n del Cabildo Abierto y las audiencias p\u00fablicas, para la revisi\u00f3n detallada de la deuda p\u00fablica, de la Ley de Derechos Humanos y del C\u00f3digo Penal de la entidad, y se legislar\u00e1 para hacer frente a la corrupci\u00f3n estructural.<\/p>\n<p class=\"p5\">Como resultados de la actual Legislatura, dijo que en el Primer Periodo Ordinario de Sesiones se presentaron 396 iniciativas y puntos de acuerdo, de las cuales, 166 fueron aprobadas por unanimidad y cuatro por mayor\u00eda; mientras que 74 puntos de acuerdo se aprobaron por unanimidad y ocho por mayor\u00eda. De manera particular, morena present\u00f3 35 iniciativas y 32 puntos de acuerdo.<\/p>\n","protected":false},"excerpt":{"rendered":"<div class=\"mh-excerpt\"><p>Los temas relacionados con las pol\u00edticas p\u00fablicas del proyecto alternativo de naci\u00f3n encabezado por el <a class=\"mh-excerpt-more\" href=\"https:\/\/foro1025.mx\/?p=6874\" title=\"Reafirman diputados de MORENA compromiso con el proyecto alternativo de naci\u00f3n de AMLO\">&#8230;<\/a><\/p>\n<\/div>","protected":false},"author":1,"featured_media":0,"comment_status":"closed","ping_status":"closed","sticky":false,"template":"","format":"standard","meta":{"footnotes":""},"categories":[22,13],"tags":[],"class_list":{"0":"post-6874","1":"post","2":"type-post","3":"status-publish","4":"format-standard","6":"category-diputados","7":"category-estado-de-mexico"},"_links":{"self":[{"href":"https:\/\/foro1025.mx\/index.php?rest_route=\/wp\/v2\/posts\/6874","targetHints":{"allow":["GET"]}}],"collection":[{"href":"https:\/\/foro1025.mx\/index.php?rest_route=\/wp\/v2\/posts"}],"about":[{"href":"https:\/\/foro1025.mx\/index.php?rest_route=\/wp\/v2\/types\/post"}],"author":[{"embeddable":true,"href":"https:\/\/foro1025.mx\/index.php?rest_route=\/wp\/v2\/users\/1"}],"replies":[{"embeddable":true,"href":"https:\/\/foro1025.mx\/index.php?rest_route=%2Fwp%2Fv2%2Fcomments&post=6874"}],"version-history":[{"count":3,"href":"https:\/\/foro1025.mx\/index.php?rest_route=\/wp\/v2\/posts\/6874\/revisions"}],"predecessor-version":[{"id":6878,"href":"https:\/\/foro1025.mx\/index.php?rest_route=\/wp\/v2\/posts\/6874\/revisions\/6878"}],"wp:attachment":[{"href":"https:\/\/foro1025.mx\/index.php?rest_route=%2Fwp%2Fv2%2Fmedia&parent=6874"}],"wp:term":[{"taxonomy":"category","embeddable":true,"href":"https:\/\/foro1025.mx\/index.php?rest_route=%2Fwp%2Fv2%2Fcategories&post=6874"},{"taxonomy":"post_tag","embeddable":true,"href":"https:\/\/foro1025.mx\/index.php?rest_route=%2Fwp%2Fv2%2Ftags&post=6874"}],"curies":[{"name":"wp","href":"https:\/\/api.w.org\/{rel}","templated":true}]}}