{"id":6893,"date":"2019-03-14T13:16:18","date_gmt":"2019-03-14T19:16:18","guid":{"rendered":"https:\/\/foro1025.mx\/?p=6893"},"modified":"2019-03-14T13:16:18","modified_gmt":"2019-03-14T19:16:18","slug":"necesario-atender-causas-de-desigualdad-de-genero-para-combatir-violencia-contra-las-mujeres-raciel-perez-cruz","status":"publish","type":"post","link":"https:\/\/foro1025.mx\/?p=6893","title":{"rendered":"Necesario atender causas de desigualdad de g\u00e9nero, para combatir violencia contra las mujeres: Raciel P\u00e9rez Cruz"},"content":{"rendered":"<p class=\"p7\">La violencia contra las mujeres s\u00f3lo podr\u00e1 ser combatida si se destinan los recursos humanos, materiales y financieros suficientes para atender las causas estructurales de la desigualdad de g\u00e9nero, afirm\u00f3 el Presidente Municipal, Raciel P\u00e9rez Cruz, quien hizo un llamado a todos los sectores de la sociedad para trabajar de manera coordinada en esta materia.<\/p>\n<p class=\"p7\">Al participar en la Primera Reuni\u00f3n Intermunicipal de Atenci\u00f3n y Seguimiento a la Alerta de Violencia de G\u00e9nero contra las Mujeres, el Edil de Tlalnepantla de Baz, uno de los 11 municipios mexiquenses con esta condici\u00f3n, indic\u00f3 que su gobierno \u201cest\u00e1 comprometido a combatir, mitigar y erradicar la incidencia de homicidios perpetrados en contra de las mujeres\u201d.<\/p>\n<p class=\"p7\">Coment\u00f3 que el Observatorio Ciudadano Nacional del Feminicidio (OCNF) inform\u00f3 que este a\u00f1o 18 de las 32 entidades federativas se encuentran declaradas con Alerta de Violencia de G\u00e9nero, en tanto que el Estado de M\u00e9xico, de enero a octubre de 2018, se ubic\u00f3 en el segundo lugar en feminicidios, con 81 casos, de acuerdo con el Secretariado Ejecutivo del Sistema Nacional de Seguridad P\u00fablica.<\/p>\n<p class=\"p7\">En lo que se refiere a trata sexual, la entidad mexiquense ocup\u00f3 el octavo lugar con 11 v\u00edctimas, y en el periodo de enero a marzo de 2018, fue el primer lugar en lesiones dolosas con tres mil 439 casos, adem\u00e1s de que en materia de llamadas de emergencia relativas a incidentes de violencia de g\u00e9nero fue el primer lugar.<\/p>\n<p class=\"p7\">El alcalde estuvo acompa\u00f1ado por Adriana Ulloa Hern\u00e1ndez, Directora del Instituto Municipal para las Mujeres y la Equidad de G\u00e9nero; Juan Joel Pacheco Vilchis, Fiscal Especializado en la Investigaci\u00f3n y Persecuci\u00f3n de Delitos en Materia de Desaparici\u00f3n Forzada de Personas y Desaparici\u00f3n Cometida por Particulares.<\/p>\n<p class=\"p7\">Asimismo, por Adriana Hinojosa C\u00e9spedes, Coordinadora de Pol\u00edticas P\u00fablicas de la Fiscal\u00eda Central para la Atenci\u00f3n a Delitos Vinculados a la Violencia de G\u00e9nero; H\u00e9ctor Cruz Guadarrama, Coordinador Operativo de la Fiscal\u00eda Central para la Atenci\u00f3n a Delitos Vinculados a la Violencia de G\u00e9nero, y Alejandro Rey Cisneros, Secretario Auxiliar del Secretario de Justicia y Derechos Humanos.<\/p>\n","protected":false},"excerpt":{"rendered":"<div class=\"mh-excerpt\"><p>La violencia contra las mujeres s\u00f3lo podr\u00e1 ser combatida si se destinan los recursos humanos, <a class=\"mh-excerpt-more\" href=\"https:\/\/foro1025.mx\/?p=6893\" title=\"Necesario atender causas de desigualdad de g\u00e9nero, para combatir violencia contra las mujeres: Raciel P\u00e9rez Cruz\">&#8230;<\/a><\/p>\n<\/div>","protected":false},"author":1,"featured_media":0,"comment_status":"closed","ping_status":"closed","sticky":false,"template":"","format":"standard","meta":{"footnotes":""},"categories":[17],"tags":[],"class_list":{"0":"post-6893","1":"post","2":"type-post","3":"status-publish","4":"format-standard","6":"category-huixquilucan"},"_links":{"self":[{"href":"https:\/\/foro1025.mx\/index.php?rest_route=\/wp\/v2\/posts\/6893","targetHints":{"allow":["GET"]}}],"collection":[{"href":"https:\/\/foro1025.mx\/index.php?rest_route=\/wp\/v2\/posts"}],"about":[{"href":"https:\/\/foro1025.mx\/index.php?rest_route=\/wp\/v2\/types\/post"}],"author":[{"embeddable":true,"href":"https:\/\/foro1025.mx\/index.php?rest_route=\/wp\/v2\/users\/1"}],"replies":[{"embeddable":true,"href":"https:\/\/foro1025.mx\/index.php?rest_route=%2Fwp%2Fv2%2Fcomments&post=6893"}],"version-history":[{"count":1,"href":"https:\/\/foro1025.mx\/index.php?rest_route=\/wp\/v2\/posts\/6893\/revisions"}],"predecessor-version":[{"id":6895,"href":"https:\/\/foro1025.mx\/index.php?rest_route=\/wp\/v2\/posts\/6893\/revisions\/6895"}],"wp:attachment":[{"href":"https:\/\/foro1025.mx\/index.php?rest_route=%2Fwp%2Fv2%2Fmedia&parent=6893"}],"wp:term":[{"taxonomy":"category","embeddable":true,"href":"https:\/\/foro1025.mx\/index.php?rest_route=%2Fwp%2Fv2%2Fcategories&post=6893"},{"taxonomy":"post_tag","embeddable":true,"href":"https:\/\/foro1025.mx\/index.php?rest_route=%2Fwp%2Fv2%2Ftags&post=6893"}],"curies":[{"name":"wp","href":"https:\/\/api.w.org\/{rel}","templated":true}]}}