{"id":6949,"date":"2019-03-14T14:14:14","date_gmt":"2019-03-14T20:14:14","guid":{"rendered":"https:\/\/foro1025.mx\/?p=6949"},"modified":"2019-03-14T14:15:45","modified_gmt":"2019-03-14T20:15:45","slug":"6949","status":"publish","type":"post","link":"https:\/\/foro1025.mx\/?p=6949","title":{"rendered":"Tlalnepantla rehabilita albergue para mujeres v\u00edctimas de violencia"},"content":{"rendered":"<p class=\"p7\">El Gobierno Municipal de Tlalnepantla de Baz invierte en la rehabilitaci\u00f3n del albergue para mujeres v\u00edctimas de violencia de esta localidad, adem\u00e1s de que iniciar\u00e1 una campa\u00f1a para combatir el acoso laboral de las trabajadoras de la administraci\u00f3n, inform\u00f3 el Edil, Raciel P\u00e9rez Cruz.<\/p>\n<p class=\"p7\">En el marco de la Conmemoraci\u00f3n del D\u00eda Internacional de la Mujer, el Presidente Municipal destac\u00f3 la importancia de destinar recursos en la rehabilitaci\u00f3n del albergue, para convertirlo en un espacio digno, donde las v\u00edctimas de violencia reciban atenci\u00f3n m\u00e9dica, psicol\u00f3gica y legal, y se preserve su integridad f\u00edsica y emocional en las mejores condiciones.<\/p>\n<p class=\"p7\">Al participar en el \u201cEncuentro de Mujeres Hacedoras de Pol\u00edticas P\u00fablicas con Perspectiva de G\u00e9nero: C\u00f3mo Construir desde lo Local\u201d, el Edil indic\u00f3 que el refugio cuenta con capacidad para albergar a cuatro mujeres con sus hijas e hijos menores de edad, hasta 20 personas en total.<\/p>\n<p class=\"p7\">Asimismo, brinda atenci\u00f3n integral multidisciplinaria, como representaci\u00f3n jur\u00eddica, gesti\u00f3n y apoyo psicol\u00f3gico, capacitaci\u00f3n para la inserci\u00f3n laboral y la cobertura de todas las necesidades b\u00e1sicas.<\/p>\n<p class=\"p7\">Sobre la campa\u00f1a contra el acoso laboral de las trabajadoras de la administraci\u00f3n local, se\u00f1al\u00f3 que ser\u00e1 coordinada por el Instituto Municipal para las Mujeres y la Equidad de G\u00e9nero (IMMEG) y \u201ces una muestra de la determinaci\u00f3n de este gobierno para defender y contribuir a que las mujeres de nuestra ciudad vivan en un municipio donde se reconoce su derecho a una vida libre de violencia\u201d.<\/p>\n<p class=\"p7\">\u201cQueremos defender y contribuir a que las mujeres de nuestro municipio caminen, sean, vivan, aspiren a una ciudad amable que reconoce sus derechos, y lo vamos a lograr con el cambio de mentalidades, por lo que estamos puestos y decididos a comenzar\u201d, concluy\u00f3 el edil.<\/p>\n<p class=\"p7\">El Alcalde estuvo acompa\u00f1ado por Adriana Ulloa Hern\u00e1ndez, Directora del IMMEG; Irma Lorena Roa L\u00f3pez, D\u00e9cima Quinta Regidora y Presidenta de la Comisi\u00f3n Edilicia de Atenci\u00f3n a la Violencia en Contra de las Mujeres, as\u00ed como los legisladores locales, Brenda Escamilla S\u00e1mano, Tanech S\u00e1nchez \u00c1ngeles y Jorge Garc\u00eda S\u00e1nchez.<\/p>\n","protected":false},"excerpt":{"rendered":"<div class=\"mh-excerpt\"><p>El Gobierno Municipal de Tlalnepantla de Baz invierte en la rehabilitaci\u00f3n del albergue para mujeres <a class=\"mh-excerpt-more\" href=\"https:\/\/foro1025.mx\/?p=6949\" title=\"Tlalnepantla rehabilita albergue para mujeres v\u00edctimas de violencia\">&#8230;<\/a><\/p>\n<\/div>","protected":false},"author":1,"featured_media":0,"comment_status":"closed","ping_status":"closed","sticky":false,"template":"","format":"standard","meta":{"footnotes":""},"categories":[16],"tags":[],"class_list":{"0":"post-6949","1":"post","2":"type-post","3":"status-publish","4":"format-standard","6":"category-tlalnepantla"},"_links":{"self":[{"href":"https:\/\/foro1025.mx\/index.php?rest_route=\/wp\/v2\/posts\/6949","targetHints":{"allow":["GET"]}}],"collection":[{"href":"https:\/\/foro1025.mx\/index.php?rest_route=\/wp\/v2\/posts"}],"about":[{"href":"https:\/\/foro1025.mx\/index.php?rest_route=\/wp\/v2\/types\/post"}],"author":[{"embeddable":true,"href":"https:\/\/foro1025.mx\/index.php?rest_route=\/wp\/v2\/users\/1"}],"replies":[{"embeddable":true,"href":"https:\/\/foro1025.mx\/index.php?rest_route=%2Fwp%2Fv2%2Fcomments&post=6949"}],"version-history":[{"count":3,"href":"https:\/\/foro1025.mx\/index.php?rest_route=\/wp\/v2\/posts\/6949\/revisions"}],"predecessor-version":[{"id":6953,"href":"https:\/\/foro1025.mx\/index.php?rest_route=\/wp\/v2\/posts\/6949\/revisions\/6953"}],"wp:attachment":[{"href":"https:\/\/foro1025.mx\/index.php?rest_route=%2Fwp%2Fv2%2Fmedia&parent=6949"}],"wp:term":[{"taxonomy":"category","embeddable":true,"href":"https:\/\/foro1025.mx\/index.php?rest_route=%2Fwp%2Fv2%2Fcategories&post=6949"},{"taxonomy":"post_tag","embeddable":true,"href":"https:\/\/foro1025.mx\/index.php?rest_route=%2Fwp%2Fv2%2Ftags&post=6949"}],"curies":[{"name":"wp","href":"https:\/\/api.w.org\/{rel}","templated":true}]}}