{"id":6974,"date":"2019-04-10T11:16:38","date_gmt":"2019-04-10T16:16:38","guid":{"rendered":"https:\/\/foro1025.mx\/?p=6974"},"modified":"2019-04-10T11:16:38","modified_gmt":"2019-04-10T16:16:38","slug":"dif-atizapan-trabaja-por-el-bienestar-de-menores-victimas-de-violencia","status":"publish","type":"post","link":"https:\/\/foro1025.mx\/?p=6974","title":{"rendered":"DIF Atizap\u00e1n trabaja por el bienestar de menores v\u00edctimas de violencia"},"content":{"rendered":"<div>Con el fin de resguardar la integridad f\u00edsica y emocional de ni\u00f1as y ni\u00f1os que se encuentren en situaci\u00f3n de desamparo o violencia, el Gobierno Municipal de Atizap\u00e1n de Zaragoza, a trav\u00e9s del Sistema Municipal para el Desarrollo Integral de la Familia (DIF), llev\u00f3 a cabo la firma de convenio con la instituci\u00f3n privada \u201cCasasistencia I.A.P.\u201d.<\/div>\n<div><\/div>\n<div>Mediante este convenio se apoyar\u00e1 y albergar\u00e1 a menores de cero a seis a\u00f1os de edad victimas de violencia familiar, abandono o extrav\u00edo, que son canalizado por diversas fiscal\u00edas al DIF Atizap\u00e1n.<\/div>\n<div><\/div>\n<div><\/div>\n<div><img loading=\"lazy\" decoding=\"async\" class=\"aligncenter size-large wp-image-6976\" src=\"https:\/\/foro1025.mx\/wp-content\/uploads\/2019\/04\/WhatsApp-Image-2019-04-08-at-4.52.57-PM-1024x697.jpeg\" alt=\"\" width=\"1024\" height=\"697\" \/><\/div>\n<div><\/div>\n<div><\/div>\n<div>La Presidente Municipal, Ruth Olvera Nieto, acompa\u00f1ada por la Directora General del DIF local, Linda Arciniega \u00c1lvarez, recorri\u00f3 las instalaciones de la instituci\u00f3n para conocer las buenas condiciones en que viven los menores albergados.<\/div>\n<div><\/div>\n<div>Olvera Nieto coment\u00f3 que \u201cCasasistencia ha dado muestra de lo que es el amor, generosidad y trabajo, dedicando su tiempo y empe\u00f1o por las ni\u00f1as y ni\u00f1os que encuentran bajo su cuidado y resguardo\u201d.<\/div>\n<div><\/div>\n<div>Por su parte, Linda Arciniega mencion\u00f3 que se complace con la labor que se tiene por parte de la instituci\u00f3n privada, lo que permitir\u00e1 \u201cseguir trabajando en pro de la ni\u00f1ez atizapense, por lo que hoy formalizamos este protocolo con la firma de un convenio que nos permite trabajar en conjunto\u201d.<\/div>\n<div><\/div>\n<div>Desde hace 20 a\u00f1os, Casasistencia ha laborado de manera conjunta con el DIF Municipal para ofrecer mejor calidad de vida a menores que han sufrido de violencia f\u00edsica o emocional.<\/div>\n","protected":false},"excerpt":{"rendered":"<div class=\"mh-excerpt\"><p>Con el fin de resguardar la integridad f\u00edsica y emocional de ni\u00f1as y ni\u00f1os que <a class=\"mh-excerpt-more\" href=\"https:\/\/foro1025.mx\/?p=6974\" title=\"DIF Atizap\u00e1n trabaja por el bienestar de menores v\u00edctimas de violencia\">&#8230;<\/a><\/p>\n<\/div>","protected":false},"author":1,"featured_media":0,"comment_status":"closed","ping_status":"closed","sticky":false,"template":"","format":"standard","meta":{"footnotes":""},"categories":[1],"tags":[],"class_list":{"0":"post-6974","1":"post","2":"type-post","3":"status-publish","4":"format-standard","6":"category-atizapan"},"_links":{"self":[{"href":"https:\/\/foro1025.mx\/index.php?rest_route=\/wp\/v2\/posts\/6974","targetHints":{"allow":["GET"]}}],"collection":[{"href":"https:\/\/foro1025.mx\/index.php?rest_route=\/wp\/v2\/posts"}],"about":[{"href":"https:\/\/foro1025.mx\/index.php?rest_route=\/wp\/v2\/types\/post"}],"author":[{"embeddable":true,"href":"https:\/\/foro1025.mx\/index.php?rest_route=\/wp\/v2\/users\/1"}],"replies":[{"embeddable":true,"href":"https:\/\/foro1025.mx\/index.php?rest_route=%2Fwp%2Fv2%2Fcomments&post=6974"}],"version-history":[{"count":1,"href":"https:\/\/foro1025.mx\/index.php?rest_route=\/wp\/v2\/posts\/6974\/revisions"}],"predecessor-version":[{"id":6977,"href":"https:\/\/foro1025.mx\/index.php?rest_route=\/wp\/v2\/posts\/6974\/revisions\/6977"}],"wp:attachment":[{"href":"https:\/\/foro1025.mx\/index.php?rest_route=%2Fwp%2Fv2%2Fmedia&parent=6974"}],"wp:term":[{"taxonomy":"category","embeddable":true,"href":"https:\/\/foro1025.mx\/index.php?rest_route=%2Fwp%2Fv2%2Fcategories&post=6974"},{"taxonomy":"post_tag","embeddable":true,"href":"https:\/\/foro1025.mx\/index.php?rest_route=%2Fwp%2Fv2%2Ftags&post=6974"}],"curies":[{"name":"wp","href":"https:\/\/api.w.org\/{rel}","templated":true}]}}