{"id":6999,"date":"2019-04-10T11:32:50","date_gmt":"2019-04-10T16:32:50","guid":{"rendered":"https:\/\/foro1025.mx\/?p=6999"},"modified":"2019-04-10T11:42:06","modified_gmt":"2019-04-10T16:42:06","slug":"6999","status":"publish","type":"post","link":"https:\/\/foro1025.mx\/?p=6999","title":{"rendered":"Unen esfuerzos para tener una mejor movilidad en Nicol\u00e1s Romero"},"content":{"rendered":"<p class=\"p2\">\u2022 El Presidente Municipal, Armando Navarrete, refiri\u00f3 que el tema de movilidad en esta demarcaci\u00f3n se aborda desde las vertientes legal, pol\u00edtica y social<\/p>\n<p class=\"p2\">Con el fin de iniciar un proceso que lleve a Nicol\u00e1s Romero a tener en poco tiempo un impacto muy fuerte y positivo en su movilidad, autoridades estatales y municipales participaron en una reuni\u00f3n plenaria en la que coordinaron esfuerzos.<\/p>\n<p class=\"p2\">De acuerdo con el Presidente Municipal, Armando Navarrete, el tema en esta demarcaci\u00f3n ya se aborda desde distintas vertientes, como son legal, pol\u00edtica y social, creando siempre un espacio de di\u00e1logo con todos los involucrados.<\/p>\n<p class=\"p2\">\u201cUna ciudad sin movilidad es una ciudad sin futuro, por eso es que nos importa much\u00edsimo que Nicol\u00e1s Romero pueda pasar de la situaci\u00f3n que prevalece hoy a una ciudad que pueda tener una mejor movilidad que le permita generar mejores oportunidades y condiciones de vida para ustedes y para todos los ciudadanos\u201c, consider\u00f3 el Alcalde.<\/p>\n<p class=\"p2\">En la mesa tambi\u00e9n particip\u00f3 Pedro Bas\u00e1\u00f1ez, Director General Zona 2 de la Secretar\u00eda de Movilidad del Gobierno del Estado de M\u00e9xico, quien detall\u00f3 que el tema de la movilidad no es un asunto que le corresponda solamente a una instancia, sino que se tienen que cumplir acuerdos que re\u00fanan la participaci\u00f3n de todos.<\/p>\n<p class=\"p2\">Adem\u00e1s, dijo que para lograr un orden y evitar el congestionamiento en las vialidades, se buscar\u00e1 que todas las unidades irregulares de transporte tanto de taxi como en la modalidad de colectivo sean retiradas del parque vehicular.<\/p>\n<p class=\"p2\">\u201cVamos tambi\u00e9n a sumar en esto al campus de la UAEM (Universidad Aut\u00f3noma del Estado de M\u00e9xico), ellos ya nos ofrecieron tambi\u00e9n participar en los estudios para tambi\u00e9n validarlo desde una \u00f3ptica acad\u00e9mica y tendremos tambi\u00e9n que ir validando los servicios que cada quien presta, garantizar que quien presta el servicio tenga las autorizaciones correspondientes, que tengan sus autorizaciones de ruta y sus autorizaciones de base\u201c, se\u00f1al\u00f3 Bas\u00e1\u00f1ez.<\/p>\n<p class=\"p2\">En tanto, Rodolfo L\u00f3pez Olvera, Director de Movilidad y Vialidad municipal, destac\u00f3 que este gobierno bajo los ejes rectores de seguridad, movilidad y servicios p\u00fablicos da una expectativa de calidad de vida de sus habitantes y bajo estos principios se requiere la participaci\u00f3n del sector transporte, gobierno y la sociedad.<\/p>\n<p class=\"p2\">A la reuni\u00f3n tambi\u00e9n acudieron transportistas, adem\u00e1s de Juan Manuel Sarabia, Delegado Zona 2 Tlalnepantla de la Secretar\u00eda de Movilidad del Gobierno del Estado de M\u00e9xico; V\u00edctor Roa, Director General de Gobierno Regi\u00f3n 5; Roberto Bustamante, Comisario de Seguridad P\u00fablica.<\/p>\n","protected":false},"excerpt":{"rendered":"<div class=\"mh-excerpt\"><p>\u2022 El Presidente Municipal, Armando Navarrete, refiri\u00f3 que el tema de movilidad en esta demarcaci\u00f3n <a class=\"mh-excerpt-more\" href=\"https:\/\/foro1025.mx\/?p=6999\" title=\"Unen esfuerzos para tener una mejor movilidad en Nicol\u00e1s Romero\">&#8230;<\/a><\/p>\n<\/div>","protected":false},"author":1,"featured_media":0,"comment_status":"closed","ping_status":"closed","sticky":false,"template":"","format":"standard","meta":{"footnotes":""},"categories":[19],"tags":[],"class_list":{"0":"post-6999","1":"post","2":"type-post","3":"status-publish","4":"format-standard","6":"category-nicolas-romero"},"_links":{"self":[{"href":"https:\/\/foro1025.mx\/index.php?rest_route=\/wp\/v2\/posts\/6999","targetHints":{"allow":["GET"]}}],"collection":[{"href":"https:\/\/foro1025.mx\/index.php?rest_route=\/wp\/v2\/posts"}],"about":[{"href":"https:\/\/foro1025.mx\/index.php?rest_route=\/wp\/v2\/types\/post"}],"author":[{"embeddable":true,"href":"https:\/\/foro1025.mx\/index.php?rest_route=\/wp\/v2\/users\/1"}],"replies":[{"embeddable":true,"href":"https:\/\/foro1025.mx\/index.php?rest_route=%2Fwp%2Fv2%2Fcomments&post=6999"}],"version-history":[{"count":3,"href":"https:\/\/foro1025.mx\/index.php?rest_route=\/wp\/v2\/posts\/6999\/revisions"}],"predecessor-version":[{"id":7003,"href":"https:\/\/foro1025.mx\/index.php?rest_route=\/wp\/v2\/posts\/6999\/revisions\/7003"}],"wp:attachment":[{"href":"https:\/\/foro1025.mx\/index.php?rest_route=%2Fwp%2Fv2%2Fmedia&parent=6999"}],"wp:term":[{"taxonomy":"category","embeddable":true,"href":"https:\/\/foro1025.mx\/index.php?rest_route=%2Fwp%2Fv2%2Fcategories&post=6999"},{"taxonomy":"post_tag","embeddable":true,"href":"https:\/\/foro1025.mx\/index.php?rest_route=%2Fwp%2Fv2%2Ftags&post=6999"}],"curies":[{"name":"wp","href":"https:\/\/api.w.org\/{rel}","templated":true}]}}