{"id":7004,"date":"2019-04-10T11:44:56","date_gmt":"2019-04-10T16:44:56","guid":{"rendered":"https:\/\/foro1025.mx\/?p=7004"},"modified":"2019-04-10T11:49:28","modified_gmt":"2019-04-10T16:49:28","slug":"7004","status":"publish","type":"post","link":"https:\/\/foro1025.mx\/?p=7004","title":{"rendered":"Presentan terna finalista para elegir al ombudsperson de Izcalli"},"content":{"rendered":"<p class=\"p1\">En sesi\u00f3n de trabajo de la Comisi\u00f3n de Derechos Humanos fue presentada la terna de postulantes a la defensor\u00eda de Derechos Humanos Municipal de Cuautitl\u00e1n Izcalli.<\/p>\n<p class=\"p1\">Luego de analizar los perfiles de 19 candidatos, la comisi\u00f3n compuesta por la d\u00e9cimo segunda Regidora y presidenta de la Comisi\u00f3n de Derechos Humanos, Claudia Bravo Langle, la tercer s\u00edndico, Joanna Felipe Torres; la tercer regidora, Romina Jim\u00e9nez B\u00e1rcena; la novena regidora, Margarita Rivero R\u00edos y el d\u00e9cimo tercer regidor, Miguel Huesca Santiago, presentaron p\u00fablicamente a los tres postulantes a ocupar la defensor\u00eda municipal. Ellos son: Patricia Villa Medina, Oth\u00f3n Israel Villanueva Villegas y Alexis Sorel Flores Sixtos.<\/p>\n<p class=\"p1\">Dentro de sus propuestas de trabajo, los postulantes coincidieron en tratar temas como la capacitaci\u00f3n a servidores p\u00fablicos, a los elementos de seguridad p\u00fablica, defensa de g\u00e9nero, la nueva masculinidad, trabajo con la sociedad civil y el Sistema de protecci\u00f3n Integral de los Derechos de las Ni\u00f1as, Ni\u00f1os y Adolescentes (SIPINNA), entre otros.<\/p>\n<p class=\"p1\">Durante la sesi\u00f3n de trabajo los ediles escucharon con atenci\u00f3n a los entrevistados.<\/p>\n<p class=\"p1\">En fecha pr\u00f3xima durante sesi\u00f3n de cabildo ser\u00e1 elegido el nuevo defensor de Derechos Humanos de Cuautitl\u00e1n Izcalli.<\/p>\n","protected":false},"excerpt":{"rendered":"<div class=\"mh-excerpt\"><p>En sesi\u00f3n de trabajo de la Comisi\u00f3n de Derechos Humanos fue presentada la terna de <a class=\"mh-excerpt-more\" href=\"https:\/\/foro1025.mx\/?p=7004\" title=\"Presentan terna finalista para elegir al ombudsperson de Izcalli\">&#8230;<\/a><\/p>\n<\/div>","protected":false},"author":1,"featured_media":0,"comment_status":"closed","ping_status":"closed","sticky":false,"template":"","format":"standard","meta":{"footnotes":""},"categories":[29],"tags":[],"class_list":{"0":"post-7004","1":"post","2":"type-post","3":"status-publish","4":"format-standard","6":"category-cuautitlan-izcalli"},"_links":{"self":[{"href":"https:\/\/foro1025.mx\/index.php?rest_route=\/wp\/v2\/posts\/7004","targetHints":{"allow":["GET"]}}],"collection":[{"href":"https:\/\/foro1025.mx\/index.php?rest_route=\/wp\/v2\/posts"}],"about":[{"href":"https:\/\/foro1025.mx\/index.php?rest_route=\/wp\/v2\/types\/post"}],"author":[{"embeddable":true,"href":"https:\/\/foro1025.mx\/index.php?rest_route=\/wp\/v2\/users\/1"}],"replies":[{"embeddable":true,"href":"https:\/\/foro1025.mx\/index.php?rest_route=%2Fwp%2Fv2%2Fcomments&post=7004"}],"version-history":[{"count":3,"href":"https:\/\/foro1025.mx\/index.php?rest_route=\/wp\/v2\/posts\/7004\/revisions"}],"predecessor-version":[{"id":7011,"href":"https:\/\/foro1025.mx\/index.php?rest_route=\/wp\/v2\/posts\/7004\/revisions\/7011"}],"wp:attachment":[{"href":"https:\/\/foro1025.mx\/index.php?rest_route=%2Fwp%2Fv2%2Fmedia&parent=7004"}],"wp:term":[{"taxonomy":"category","embeddable":true,"href":"https:\/\/foro1025.mx\/index.php?rest_route=%2Fwp%2Fv2%2Fcategories&post=7004"},{"taxonomy":"post_tag","embeddable":true,"href":"https:\/\/foro1025.mx\/index.php?rest_route=%2Fwp%2Fv2%2Ftags&post=7004"}],"curies":[{"name":"wp","href":"https:\/\/api.w.org\/{rel}","templated":true}]}}