{"id":7021,"date":"2019-04-10T13:28:59","date_gmt":"2019-04-10T18:28:59","guid":{"rendered":"https:\/\/foro1025.mx\/?p=7021"},"modified":"2019-04-10T13:31:18","modified_gmt":"2019-04-10T18:31:18","slug":"7021","status":"publish","type":"post","link":"https:\/\/foro1025.mx\/?p=7021","title":{"rendered":"Abre Huixquilucan quinta estancia infantil"},"content":{"rendered":"<ul>\n<li class=\"p3\"><em>Es la instituci\u00f3n educativa n\u00famero 20 a cargo del municipio a trav\u00e9s del DIF <\/em><\/li>\n<li class=\"p2\"><em>Estos espacios son centros de desarrollo con resultados excelentes para la ni\u00f1ez huixquiluquense <\/em><\/li>\n<\/ul>\n<p class=\"p2\">La presidenta del Sistema Municipal para el Desarrollo Integral de la Familia (DIF), Romina Contreras Carrasco e integrantes del Cabildo de Huixquilucan inauguraron la estancia infantil n\u00famero 5 ubicada en Zacamulpa.<\/p>\n<p class=\"p2\">Romina Contreras Carrasco, asegur\u00f3 que una vez en funcionamiento, las mam\u00e1s tendr\u00e1n la oportunidad de trabajar o estudiar, en tanto que sus hijos estar\u00e1n al cuidado de personal calificado, en un ambiente c\u00e1lido, de cuidado y de atenci\u00f3n.<\/p>\n<p class=\"p2\">Inform\u00f3, que esta estancia es la instituci\u00f3n educativa n\u00famero 20 a cargo del DIF, con atenci\u00f3n de primer nivel para los peque\u00f1os. \u201cEstamos prepar\u00e1ndolos para que despu\u00e9s se integren con todas las herramientas a los jardines de ni\u00f1os\u201d, coment\u00f3.<\/p>\n<p class=\"p2\">Contreras Carrasco asegur\u00f3, que esta estancia responde a una gran necesidad de los habitantes de la zona de Zacamulpa, la cual tiene una capacidad para 70 ni\u00f1os, en un horario de 7:00 hasta 16:45 horas, jornada en la que se incluye desayuno, comida y una colaci\u00f3n.<\/p>\n<p class=\"p2\">Luz del Carmen S\u00e1nchez Guti\u00e9rrez, directora de Servicios Educativos del Sistema Municipal DIF Huixquilucan, agradeci\u00f3 a la presidenta del DIF, Romina Contreras Carrasco, por traer a la comunidad de Zacamulpa una invaluable oportunidad de desarrollo para la ni\u00f1ez.<\/p>\n<p class=\"p2\">\u201cAcudir a una estancia infantil favorece el neurodesarrollo. Es de reconocer la labor de este gobierno en favor de las ni\u00f1as y ni\u00f1os de Huixquilucan. El gobierno sabe que las experiencias tempranas de la infancia sientan las bases del aprendizaje humano\u201d, apunt\u00f3.<\/p>\n<p class=\"p2\">Record\u00f3 que las estancias infantiles no son guarder\u00edas sino centros de cuidado infantil de calidad que impulsan el desarrollo cognitivo, el lenguaje y aptitudes socioemocionales, mismos que influir\u00e1n posteriormente en sus logros educativos.<\/p>\n","protected":false},"excerpt":{"rendered":"<div class=\"mh-excerpt\"><p>Es la instituci\u00f3n educativa n\u00famero 20 a cargo del municipio a trav\u00e9s del DIF Estos <a class=\"mh-excerpt-more\" href=\"https:\/\/foro1025.mx\/?p=7021\" title=\"Abre Huixquilucan quinta estancia infantil\">&#8230;<\/a><\/p>\n<\/div>","protected":false},"author":1,"featured_media":0,"comment_status":"closed","ping_status":"closed","sticky":false,"template":"","format":"standard","meta":{"footnotes":""},"categories":[17],"tags":[],"class_list":{"0":"post-7021","1":"post","2":"type-post","3":"status-publish","4":"format-standard","6":"category-huixquilucan"},"_links":{"self":[{"href":"https:\/\/foro1025.mx\/index.php?rest_route=\/wp\/v2\/posts\/7021","targetHints":{"allow":["GET"]}}],"collection":[{"href":"https:\/\/foro1025.mx\/index.php?rest_route=\/wp\/v2\/posts"}],"about":[{"href":"https:\/\/foro1025.mx\/index.php?rest_route=\/wp\/v2\/types\/post"}],"author":[{"embeddable":true,"href":"https:\/\/foro1025.mx\/index.php?rest_route=\/wp\/v2\/users\/1"}],"replies":[{"embeddable":true,"href":"https:\/\/foro1025.mx\/index.php?rest_route=%2Fwp%2Fv2%2Fcomments&post=7021"}],"version-history":[{"count":3,"href":"https:\/\/foro1025.mx\/index.php?rest_route=\/wp\/v2\/posts\/7021\/revisions"}],"predecessor-version":[{"id":7025,"href":"https:\/\/foro1025.mx\/index.php?rest_route=\/wp\/v2\/posts\/7021\/revisions\/7025"}],"wp:attachment":[{"href":"https:\/\/foro1025.mx\/index.php?rest_route=%2Fwp%2Fv2%2Fmedia&parent=7021"}],"wp:term":[{"taxonomy":"category","embeddable":true,"href":"https:\/\/foro1025.mx\/index.php?rest_route=%2Fwp%2Fv2%2Fcategories&post=7021"},{"taxonomy":"post_tag","embeddable":true,"href":"https:\/\/foro1025.mx\/index.php?rest_route=%2Fwp%2Fv2%2Ftags&post=7021"}],"curies":[{"name":"wp","href":"https:\/\/api.w.org\/{rel}","templated":true}]}}