{"id":7044,"date":"2019-04-11T14:44:29","date_gmt":"2019-04-11T19:44:29","guid":{"rendered":"https:\/\/foro1025.mx\/?p=7044"},"modified":"2019-04-11T15:49:20","modified_gmt":"2019-04-11T20:49:20","slug":"7044","status":"publish","type":"post","link":"https:\/\/foro1025.mx\/?p=7044","title":{"rendered":"Asume Paty Dur\u00e1n cargo de Presidenta del Consejo Intermunicipal de Seguridad"},"content":{"rendered":"<ul>\n<li class=\"p4\"><em>Estar\u00e1 al frente del cargo durante un a\u00f1o<\/em><\/li>\n<li class=\"p4\"><em>La Alcaldesa trabajar\u00e1 para dar mayor seguridad a la ciudadan\u00eda<\/em><\/li>\n<\/ul>\n<p class=\"p4\">La Alcaldesa de Naucalpan, Patricia Dur\u00e1n Reveles, tom\u00f3 protesta como Presidenta del Consejo Intermunicipal de Seguridad, que est\u00e1 integrado por autoridades federales, estatales y municipales para tener una mayor coordinaci\u00f3n en materia de seguridad.<\/p>\n<p class=\"p4\">Durante un a\u00f1o, la Mun\u00edcipe estar\u00e1 al frente del cargo y representar\u00e1 a los municipios de Naucalpan, Huixquilucan, Jilotzingo, Isidro Fabela y Xonacatl\u00e1n, ante el Consejo Estatal de Seguridad P\u00fablica.<\/p>\n<p class=\"p4\">El nombramiento se dio en el marco de la D\u00e9cima Primera Sesi\u00f3n Ordinaria del Consejo Estatal de Seguridad P\u00fablica, que se realiz\u00f3 en la capital mexiquense, donde otros 17 alcaldes tomaron protesta como integrantes de este cuerpo colegiado.<\/p>\n<p class=\"p4\">En esta misma sesi\u00f3n, se designaron tambi\u00e9n a los presidentes municipales de Lerma, Jaime Cervantes Ch\u00e1vez, y Nezahualc\u00f3yotl, Juan Hugo de la Rosa Garc\u00eda, como representantes ante la Conferencia Nacional de Seguridad P\u00fablica Municipal.<\/p>\n<p class=\"p4\">Los Consejos Intermunicipales tienen por objeto propiciar la efectiva coordinaci\u00f3n entre los municipios que lo conforman, para contribuir a los fines de la seguridad p\u00fablica, as\u00ed como dar seguimiento a los acuerdos tomados por los Consejos Nacional y Estatal, y verificar su cumplimiento.<\/p>\n<p class=\"p4\">Entre los asistentes a esta sesi\u00f3n estuvieron Alejandro G\u00f3mez S\u00e1nchez, Fiscal General de Justicia del Estado de M\u00e9xico; Luis Garc\u00eda L\u00f3pez Guerrero, titular del Centro Nacional de Prevenci\u00f3n del Delito y Participaci\u00f3n Ciudadana, y El\u00edas Rescala Jim\u00e9nez, Subsecretario General de Gobierno.<\/p>\n","protected":false},"excerpt":{"rendered":"<div class=\"mh-excerpt\"><p>Estar\u00e1 al frente del cargo durante un a\u00f1o La Alcaldesa trabajar\u00e1 para dar mayor seguridad <a class=\"mh-excerpt-more\" href=\"https:\/\/foro1025.mx\/?p=7044\" title=\"Asume Paty Dur\u00e1n cargo de Presidenta del Consejo Intermunicipal de Seguridad\">&#8230;<\/a><\/p>\n<\/div>","protected":false},"author":1,"featured_media":0,"comment_status":"closed","ping_status":"closed","sticky":false,"template":"","format":"standard","meta":{"footnotes":""},"categories":[8,9],"tags":[],"class_list":{"0":"post-7044","1":"post","2":"type-post","3":"status-publish","4":"format-standard","6":"category-naucalpan","7":"category-seguridad"},"_links":{"self":[{"href":"https:\/\/foro1025.mx\/index.php?rest_route=\/wp\/v2\/posts\/7044","targetHints":{"allow":["GET"]}}],"collection":[{"href":"https:\/\/foro1025.mx\/index.php?rest_route=\/wp\/v2\/posts"}],"about":[{"href":"https:\/\/foro1025.mx\/index.php?rest_route=\/wp\/v2\/types\/post"}],"author":[{"embeddable":true,"href":"https:\/\/foro1025.mx\/index.php?rest_route=\/wp\/v2\/users\/1"}],"replies":[{"embeddable":true,"href":"https:\/\/foro1025.mx\/index.php?rest_route=%2Fwp%2Fv2%2Fcomments&post=7044"}],"version-history":[{"count":3,"href":"https:\/\/foro1025.mx\/index.php?rest_route=\/wp\/v2\/posts\/7044\/revisions"}],"predecessor-version":[{"id":7048,"href":"https:\/\/foro1025.mx\/index.php?rest_route=\/wp\/v2\/posts\/7044\/revisions\/7048"}],"wp:attachment":[{"href":"https:\/\/foro1025.mx\/index.php?rest_route=%2Fwp%2Fv2%2Fmedia&parent=7044"}],"wp:term":[{"taxonomy":"category","embeddable":true,"href":"https:\/\/foro1025.mx\/index.php?rest_route=%2Fwp%2Fv2%2Fcategories&post=7044"},{"taxonomy":"post_tag","embeddable":true,"href":"https:\/\/foro1025.mx\/index.php?rest_route=%2Fwp%2Fv2%2Ftags&post=7044"}],"curies":[{"name":"wp","href":"https:\/\/api.w.org\/{rel}","templated":true}]}}