{"id":7049,"date":"2019-04-11T14:47:22","date_gmt":"2019-04-11T19:47:22","guid":{"rendered":"https:\/\/foro1025.mx\/?p=7049"},"modified":"2019-04-11T14:50:58","modified_gmt":"2019-04-11T19:50:58","slug":"7049","status":"publish","type":"post","link":"https:\/\/foro1025.mx\/?p=7049","title":{"rendered":"Centro Gerontol\u00f3gico es ya una realidad en Huixquilucan"},"content":{"rendered":"<ul>\n<li class=\"p3\"><em>Con esta obra se concluye el complejo Rosa M\u00edstica <\/em><\/li>\n<li class=\"p2\"><em>Podr\u00e1 albergar a 40 adultos mayores en situaci\u00f3n de calle <\/em><\/li>\n<\/ul>\n<p class=\"p2\">Con la apertura del Centro Gerontol\u00f3gico Sagrado Coraz\u00f3n, se concluye el proyecto del Complejo Rosa M\u00edstica, en el cual se invirtieron m\u00e1s de 250 millones de pesos, inform\u00f3 el presidente municipal de Huixquilucan, Enrique Vargas del Villar.<\/p>\n<p class=\"p2\">El Edil hizo un amplio reconocimiento a la presidenta del sistema municipal para el Desarrollo Integral de la Familia (DIF), Romina Contreras Carrasco, por su esfuerzo y dedicaci\u00f3n hacia los sectores m\u00e1s vulnerables de Huixquilucan.<\/p>\n<p class=\"p2\">Tras afirmar que todas las obras realizadas al interior de este Complejo han sido pagadas en su totalidad, Vargas del Villar asegur\u00f3 que se continuar\u00e1n realizando obras en el municipio con el compromiso de no endeudar a los huixquiluquenses como se hac\u00eda en el pasado.<\/p>\n<p>&nbsp;<\/p>\n<p><img loading=\"lazy\" decoding=\"async\" class=\"aligncenter size-large wp-image-7052\" src=\"https:\/\/foro1025.mx\/wp-content\/uploads\/2019\/04\/75-1-1024x683.jpg\" alt=\"\" width=\"1024\" height=\"683\" \/><\/p>\n<p>&nbsp;<\/p>\n<p class=\"p2\">\u201cYa tenemos 3 a\u00f1os 4 meses, la calificaci\u00f3n de gobierno sigue siendo la mejor de todos los gobiernos municipales del estado de M\u00e9xico. Aqu\u00ed me comprometo con mis adultos mayores a seguir trabajando m\u00e1s fuerte por el municipio de Huixquilucan\u00bb, afirm\u00f3.<\/p>\n<p class=\"p2\">En su oportunidad, Romina Contreras Carrasco, enfatiz\u00f3 que con el Centro Gerontol\u00f3gico, los adultos mayores que viven en situaci\u00f3n de calle o abandono, tendr\u00e1n un hogar en donde ser\u00e1n tratados con cari\u00f1o y dignidad<\/p>\n<p class=\"p2\">Precis\u00f3, que este espacio contar\u00e1 con atenci\u00f3n m\u00e9dica y odontol\u00f3gica, comedor, gimnasio, sala de TV, jard\u00edn, patio exterior y capilla, adem\u00e1s sus dormitorios para que 40 adultos mayores cuenten con todas las comodidades.<\/p>\n<p class=\"p2\">Contreras Carrasco reiter\u00f3, que en el DIF se est\u00e1n cambiando vidas y se trabaja por todos los sectores de la sociedad, muestra de ello es el Centro de Rehabilitaci\u00f3n e Integraci\u00f3n Social (CRIS), el Centro de Rehabilitaci\u00f3n Integral contra las Adicciones (CRIA), el Albergue Mater Dei, el Hospital San P\u00edo y el albergue Renacer.<\/p>\n<p class=\"p2\">El director general del sistema estatal DIF, Miguel \u00c1ngel Torres Cabello, destac\u00f3 el impacto que tiene el Complejo Rosa M\u00edstica en la vida de las personas, adem\u00e1s de felicitar al Edil y a la presidenta del DIF municipal, entreg\u00f3<\/p>\n","protected":false},"excerpt":{"rendered":"<div class=\"mh-excerpt\"><p>Con esta obra se concluye el complejo Rosa M\u00edstica Podr\u00e1 albergar a 40 adultos mayores <a class=\"mh-excerpt-more\" href=\"https:\/\/foro1025.mx\/?p=7049\" title=\"Centro Gerontol\u00f3gico es ya una realidad en Huixquilucan\">&#8230;<\/a><\/p>\n<\/div>","protected":false},"author":1,"featured_media":0,"comment_status":"closed","ping_status":"closed","sticky":false,"template":"","format":"standard","meta":{"footnotes":""},"categories":[17],"tags":[],"class_list":{"0":"post-7049","1":"post","2":"type-post","3":"status-publish","4":"format-standard","6":"category-huixquilucan"},"_links":{"self":[{"href":"https:\/\/foro1025.mx\/index.php?rest_route=\/wp\/v2\/posts\/7049","targetHints":{"allow":["GET"]}}],"collection":[{"href":"https:\/\/foro1025.mx\/index.php?rest_route=\/wp\/v2\/posts"}],"about":[{"href":"https:\/\/foro1025.mx\/index.php?rest_route=\/wp\/v2\/types\/post"}],"author":[{"embeddable":true,"href":"https:\/\/foro1025.mx\/index.php?rest_route=\/wp\/v2\/users\/1"}],"replies":[{"embeddable":true,"href":"https:\/\/foro1025.mx\/index.php?rest_route=%2Fwp%2Fv2%2Fcomments&post=7049"}],"version-history":[{"count":3,"href":"https:\/\/foro1025.mx\/index.php?rest_route=\/wp\/v2\/posts\/7049\/revisions"}],"predecessor-version":[{"id":7054,"href":"https:\/\/foro1025.mx\/index.php?rest_route=\/wp\/v2\/posts\/7049\/revisions\/7054"}],"wp:attachment":[{"href":"https:\/\/foro1025.mx\/index.php?rest_route=%2Fwp%2Fv2%2Fmedia&parent=7049"}],"wp:term":[{"taxonomy":"category","embeddable":true,"href":"https:\/\/foro1025.mx\/index.php?rest_route=%2Fwp%2Fv2%2Fcategories&post=7049"},{"taxonomy":"post_tag","embeddable":true,"href":"https:\/\/foro1025.mx\/index.php?rest_route=%2Fwp%2Fv2%2Ftags&post=7049"}],"curies":[{"name":"wp","href":"https:\/\/api.w.org\/{rel}","templated":true}]}}