{"id":7055,"date":"2019-04-11T14:52:39","date_gmt":"2019-04-11T19:52:39","guid":{"rendered":"https:\/\/foro1025.mx\/?p=7055"},"modified":"2019-04-11T14:54:35","modified_gmt":"2019-04-11T19:54:35","slug":"7055","status":"publish","type":"post","link":"https:\/\/foro1025.mx\/?p=7055","title":{"rendered":"Primera convocatoria de becas beneficiar\u00e1 a 8 mil 559 estudiantes atizapenses"},"content":{"rendered":"<p class=\"p2\"><span class=\"s1\"><i>* Ser\u00e1n para alumnos de nivel b\u00e1sico de excelencia acad\u00e9mica, escasos recursos y con discapacidad.<\/i><\/span><\/p>\n<p class=\"p2\"><span class=\"s1\"><i>\u00a0<\/i><\/span><span class=\"s1\"><i>* En noviembre se emitir\u00e1 una segunda convocatoria para igual n\u00famero de estudiantes.<\/i><\/span><\/p>\n<p class=\"p2\"><span class=\"s1\">\u00a0<\/span><span class=\"s1\">La Presidenta Municipal Ruth Olvera Nieto hizo p\u00fablica la Primera Convocatoria de Becas del ciclo escolar 2018-2019, la cual contempla un total de 8 mil 559 apoyos escolares- a igual n\u00famero de estudiantes del nivel b\u00e1sico- que representan una inversi\u00f3n hist\u00f3rica de 15.6 millones de pesos.<\/span><\/p>\n<p class=\"p3\"><span class=\"s2\">Acompa\u00f1ada de integrantes del cuerpo edilicio en la Escuela Primaria \u00abEmiliano Zapata\u00bb, en la colonia del mismo nombre, la Alcaldesa destac\u00f3 que\u00a0<\/span><span class=\"s1\">la convocatoria se dar\u00e1 a conocer en todas las escuelas de la demarcaci\u00f3n para que los interesados la conozcan y ellos directamente soliciten los apoyos escolares, \u201csin intermediarios\u201d.<\/span><\/p>\n<p class=\"p2\"><span class=\"s1\">Agreg\u00f3 que la entrega de becas ser\u00e1 mediante un m\u00e9todo organizado verificado y, en su caso, sancionado por Contralor\u00eda con el fin de \u201cevitar las quejas de que no les lleg\u00f3 o que les toc\u00f3 a personas que no las necesitan.<\/span><\/p>\n<p class=\"p2\"><span class=\"s1\">\u201cEsos tiempos ya se acabaron, hoy las cosas tienen que hacerse de manera transparente y rendirle cuentas a la gente\u201d.<\/span><\/p>\n<p class=\"p2\"><span class=\"s1\">Subray\u00f3 la importancia de que los apoyos escolares lleguen a quienes realmente las requieren, toda vez que los recursos provienen de los mismos habitantes que realizan el pago de sus impuestos.<\/span><\/p>\n<p class=\"p2\"><span class=\"s1\">Mayra Erika Amador Cruz, Jefa del Departamento de Becas municipal, detall\u00f3 que la primera convocatoria de becas 2019 prev\u00e9 beneficiar a 8 mil 559 estudiantes atizapenses del nivel b\u00e1sico: 7 mil 859 de escasos recursos; 300, para quienes son de excelencia acad\u00e9mica, con promedio no menor a 9.7; y 400 para estudiantes con discapacidad.<\/span><\/p>\n<p class=\"p2\"><span class=\"s1\">Por su parte, la directora del plantel Martha Gonz\u00e1lez Vega y la alumna Marlene Hern\u00e1ndez Ojeda agradecieron la visita de la Alcaldesa Ruth Olvera para verificar los requerimientos de su escuela y dar a conocer el programa de becas \u201cque ser\u00e1 de gran utilidad para las familias\u201d.<\/span><\/p>\n<p class=\"p2\"><span class=\"s1\">Las becas se dar\u00e1n en un pago \u00fanico de mil 800 pesos para alumnos de vulnerabilidad econ\u00f3mica y de 2 mil 160 pesos para los de excelencia acad\u00e9mica o con discapacidad, previo estudio econ\u00f3mico.<\/span><\/p>\n<p class=\"p3\"><span class=\"s1\">\u00a0<\/span><span class=\"s1\">La convocatoria se publicar\u00e1 en las 198 escuelas de nivel b\u00e1sico y cinco de educaci\u00f3n especial del municipio. Los resultados de la convocatoria se dar\u00e1n a conocer en el portal del Ayuntamiento a partir del\u00a0<\/span><span class=\"s3\">15 de mayo.<\/span><\/p>\n<p class=\"p2\"><span class=\"s1\">\u00a0<\/span><span class=\"s1\">El registro para competir por las becas se realizar\u00e1 en seis zonas del municipio en un horario de 10 a 16 horas, en fechas indistintas de abril: el 22, en Palacio Municipal de Atizap\u00e1n; 23, Instituto de la Juventud &#8211; Avenida del Parque sin n\u00famero colonia Jardines de Atizap\u00e1n; 24, en Deportivo de la UAEM; 25 y 26 Deportivo Ana Gabriela Guevara; y para el 28 en el Kiosko de San Mateo, Avenida Ju\u00e1rez s\/n, San Mateo Tecoloapan.<\/span><\/p>\n<p class=\"p2\"><span class=\"s1\">Los documentos requeridos son:<\/span><\/p>\n<p class=\"p2\"><span class=\"s1\">PARA LOS NI\u00d1OS: Curp, acta de nacimiento, comprobante y constancia domiciliaria no mayor a tres meses, boleta del ciclo escolar anterior y actual (para los de Excelencia Acad\u00e9mica), dos fotograf\u00edas tama\u00f1o infantil a color y papel mate; comprobante m\u00e9dico de instituci\u00f3n p\u00fablica que acredite la discapacidad del alumno no mayor a un a\u00f1o de vigencia.<\/span><\/p>\n<p class=\"p2\"><span class=\"s1\">TUTOR: Credencial elector vigente, dos fotograf\u00edas tama\u00f1o infantil a color y en papel mate, documento legal que avale al tutor\u00eda del menor.<\/span><\/p>\n<p class=\"p2\"><span class=\"s1\">Estuvieron presentes en el evento el s\u00edndico Isaac S\u00e1nchez y los regidores Francisco Mariano L\u00f3pez Camacho, Celso Dom\u00ednguez, C\u00e9sar Basilio Campos, Silvia Nava L\u00f3pez, Claudia Lara Becerril y Francisco Madera S\u00e1nchez; el director de Bienestar de Atizap\u00e1n de Zaragoza, Gersain Lima; la Subdirectora de Educaci\u00f3n, Mar\u00eda Elena Hern\u00e1ndez Morales y Lidia Anguiano Mart\u00ednez, vocal de las zonas escolares 3 y 6.<\/span><\/p>\n","protected":false},"excerpt":{"rendered":"<div class=\"mh-excerpt\"><p>* Ser\u00e1n para alumnos de nivel b\u00e1sico de excelencia acad\u00e9mica, escasos recursos y con discapacidad. <a class=\"mh-excerpt-more\" href=\"https:\/\/foro1025.mx\/?p=7055\" title=\"Primera convocatoria de becas beneficiar\u00e1 a 8 mil 559 estudiantes atizapenses\">&#8230;<\/a><\/p>\n<\/div>","protected":false},"author":1,"featured_media":0,"comment_status":"closed","ping_status":"closed","sticky":false,"template":"","format":"standard","meta":{"footnotes":""},"categories":[1],"tags":[],"class_list":{"0":"post-7055","1":"post","2":"type-post","3":"status-publish","4":"format-standard","6":"category-atizapan"},"_links":{"self":[{"href":"https:\/\/foro1025.mx\/index.php?rest_route=\/wp\/v2\/posts\/7055","targetHints":{"allow":["GET"]}}],"collection":[{"href":"https:\/\/foro1025.mx\/index.php?rest_route=\/wp\/v2\/posts"}],"about":[{"href":"https:\/\/foro1025.mx\/index.php?rest_route=\/wp\/v2\/types\/post"}],"author":[{"embeddable":true,"href":"https:\/\/foro1025.mx\/index.php?rest_route=\/wp\/v2\/users\/1"}],"replies":[{"embeddable":true,"href":"https:\/\/foro1025.mx\/index.php?rest_route=%2Fwp%2Fv2%2Fcomments&post=7055"}],"version-history":[{"count":3,"href":"https:\/\/foro1025.mx\/index.php?rest_route=\/wp\/v2\/posts\/7055\/revisions"}],"predecessor-version":[{"id":7059,"href":"https:\/\/foro1025.mx\/index.php?rest_route=\/wp\/v2\/posts\/7055\/revisions\/7059"}],"wp:attachment":[{"href":"https:\/\/foro1025.mx\/index.php?rest_route=%2Fwp%2Fv2%2Fmedia&parent=7055"}],"wp:term":[{"taxonomy":"category","embeddable":true,"href":"https:\/\/foro1025.mx\/index.php?rest_route=%2Fwp%2Fv2%2Fcategories&post=7055"},{"taxonomy":"post_tag","embeddable":true,"href":"https:\/\/foro1025.mx\/index.php?rest_route=%2Fwp%2Fv2%2Ftags&post=7055"}],"curies":[{"name":"wp","href":"https:\/\/api.w.org\/{rel}","templated":true}]}}